{"id":1087,"date":"2014-08-18T05:00:00","date_gmt":"2014-08-18T05:00:00","guid":{"rendered":""},"modified":"2014-08-18T05:00:00","modified_gmt":"2014-08-18T05:00:00","slug":"vacuna-de-chikungunya-supera-ensayos-iniciales","status":"publish","type":"post","link":"https:\/\/sertv.gob.pa\/nacionalfm\/vacuna-de-chikungunya-supera-ensayos-iniciales\/","title":{"rendered":"Vacuna de Chikungunya supera ensayos iniciales"},"content":{"rendered":"<p>\nLa primera vacuna contra la chikungunya probada en humanos super\u00f3 los ensayos cl\u00ednicos iniciales, aunque expertos advierten que a\u00fan est\u00e1 a a\u00f1os de distancia de ser aprobada par el uso general del p\u00fablico. <\/p>\n<p>Seg\u00fan un estudio publicado en la revista cient\u00edfica  The Lancet , el Instituto Nacional de Alergias y Enfermedades Infecciosas de EE.UU. inocul\u00f3 la vacuna a 25 adultos sanos. <\/p>\n<p>Ninguno sufri\u00f3 efectos secundarios severos y la mayor\u00eda registr\u00f3 una respuesta en forma de anticuerpos neutralizantes desde la primera de las tres dosis recibidas. <\/p>\n<p>\u00abOnce meses despu\u00e9s de la vacunaci\u00f3n, el nivel de anticuerpos era similar a aquellos que se observan en personas que se han recuperado de forma natural tras sufrir una infecci\u00f3n por chikungunya\u00bb, se\u00f1al\u00f3 la responsable del ensayo, Julie Ledgerwood. <\/p>\n<p>La vacuna est\u00e1 fabricada a base de prote\u00ednas que estimulan el sistema imunol\u00f3gico de forma an\u00e1loga a lo que har\u00eda el virus sin poner al paciente en riesgo de ser infectado porque carece del material gen\u00e9tico del chikungunya. <\/p>\n<p>El virus se extiende desde hace ocho meses por el continente americano luego de haber reaparecido en 2004.\u00a0 @nacionalFm <\/p>\n<p>\u00a0 <\/p>\n","protected":false},"excerpt":{"rendered":"<p>La primera vacuna contra la chikungunya probada en humanos super\u00f3 <a href=\"https:\/\/sertv.gob.pa\/nacionalfm\/vacuna-de-chikungunya-supera-ensayos-iniciales\/\"> [&#8230;]<\/a><\/p>\n","protected":false},"author":1,"featured_media":1088,"comment_status":"closed","ping_status":"closed","sticky":false,"template":"","format":"standard","meta":{"footnotes":""},"categories":[5],"tags":[],"class_list":["post-1087","post","type-post","status-publish","format-standard","has-post-thumbnail","hentry","category-salud"],"_links":{"self":[{"href":"https:\/\/sertv.gob.pa\/nacionalfm\/wp-json\/wp\/v2\/posts\/1087","targetHints":{"allow":["GET"]}}],"collection":[{"href":"https:\/\/sertv.gob.pa\/nacionalfm\/wp-json\/wp\/v2\/posts"}],"about":[{"href":"https:\/\/sertv.gob.pa\/nacionalfm\/wp-json\/wp\/v2\/types\/post"}],"author":[{"embeddable":true,"href":"https:\/\/sertv.gob.pa\/nacionalfm\/wp-json\/wp\/v2\/users\/1"}],"replies":[{"embeddable":true,"href":"https:\/\/sertv.gob.pa\/nacionalfm\/wp-json\/wp\/v2\/comments?post=1087"}],"version-history":[{"count":0,"href":"https:\/\/sertv.gob.pa\/nacionalfm\/wp-json\/wp\/v2\/posts\/1087\/revisions"}],"wp:featuredmedia":[{"embeddable":true,"href":"https:\/\/sertv.gob.pa\/nacionalfm\/wp-json\/wp\/v2\/media\/1088"}],"wp:attachment":[{"href":"https:\/\/sertv.gob.pa\/nacionalfm\/wp-json\/wp\/v2\/media?parent=1087"}],"wp:term":[{"taxonomy":"category","embeddable":true,"href":"https:\/\/sertv.gob.pa\/nacionalfm\/wp-json\/wp\/v2\/categories?post=1087"},{"taxonomy":"post_tag","embeddable":true,"href":"https:\/\/sertv.gob.pa\/nacionalfm\/wp-json\/wp\/v2\/tags?post=1087"}],"curies":[{"name":"wp","href":"https:\/\/api.w.org\/{rel}","templated":true}]}}