{"id":108701,"date":"2025-06-04T13:49:51","date_gmt":"2025-06-04T18:49:51","guid":{"rendered":"https:\/\/sertv.gob.pa\/nacionalfm\/?p=108701"},"modified":"2025-06-04T13:52:05","modified_gmt":"2025-06-04T18:52:05","slug":"108701-2","status":"publish","type":"post","link":"https:\/\/sertv.gob.pa\/nacionalfm\/108701-2\/","title":{"rendered":"Inversi\u00f3n en proyecto de parque solar, crea confianza en Panam\u00e1"},"content":{"rendered":"<p><em><strong>Una declaraci\u00f3n de la confianza que se tiene en el pa\u00eds, dejaron sentado los representantes del Grupo Naiad Renovables, al poner en funcionamiento el parque solar \u201cSantiago Solar\u201d, un proyecto que marca un antes y un despu\u00e9s en la ruta de la transici\u00f3n energ\u00e9tica paname\u00f1a.<\/strong><\/em><\/p>\n<p><em><strong>En un acto simb\u00f3lico celebrado recientemente, en la ciudad capital, la viceministra de Comercio Exterior de Panam\u00e1, Astrid \u00c1brego, particip\u00f3 de la inauguraci\u00f3n de la planta fotovoltaica, con una capacidad de 86,333 MWP (Megavatio Pico).<\/strong><\/em><\/p>\n<p><strong>La titular de Comercio Exterior, destac\u00f3 que, esta inversi\u00f3n, que alcanza los 70 millones de d\u00f3lares, representa una transformaci\u00f3n para el pa\u00eds y reafirma la visi\u00f3n compartida de desarrollo sostenible.<\/strong><\/p>\n<p><strong>\u201cEste tipo de inversi\u00f3n, resalta la confianza en Panam\u00e1 como destino de inversi\u00f3n, como plataforma estrat\u00e9gica para tecnolog\u00edas limpias, y como un pa\u00eds que ofrece certeza jur\u00eddica, talento humano calificado y visi\u00f3n de largo plazo\u201d, sostuvo.<\/strong><\/p>\n<p><strong>El proyecto \u201cSantiago Solar, contrato a largo plazo con el grupo Enel, ubicado en La Mesa, provincia de Veraguas, consisti\u00f3 en la instalaci\u00f3n de m\u00e1s de 130 mil paneles solares bifaciales, que ha generado m\u00e1s de 300 empleos y la siembra de 15 mil plantones nativos, como parte del componente ambiental.<\/strong><\/p>\n<p><strong>\u201cEstamos construyendo las condiciones necesarias para que m\u00e1s inversiones como esta lleguen a nuestro pa\u00eds. Promovemos estabilidad, simplificaci\u00f3n, incentivos estrat\u00e9gicos y un di\u00e1logo permanente con el sector privado para hacer de Panam\u00e1 un hub energ\u00e9tico verde de clase mundial\u201d, expuso \u00c1brego.<\/strong><\/p>\n<p><strong>En tanto que, David Sanmart\u00edn Catal\u00e1n, portavoz del Grupo Naiad, manifest\u00f3 que \u201cPanam\u00e1, es un pa\u00eds seguro para invertir. Esta experiencia no ha hecho m\u00e1s que confirmarlo. Hay dificultades como cualquier otro pa\u00eds, pero aqu\u00ed, las instituciones funcionan, hay talento humano comprometido y un potencial enorme de desarrollo\u201d.<\/strong><\/p>\n<p><strong>Sanmart\u00edn Catal\u00e1n, explic\u00f3 que, el proyecto se realiz\u00f3 con el apoyo de la banca local y cuenta con un contrato de compraventa de energ\u00eda a largo plazo con el grupo Enel, lo que garantiza estabilidad financiera y operativa para la iniciativa.<\/strong><\/p>\n<p><strong>Informes de la Secretar\u00eda Nacional de Energ\u00eda, apuntan a que en el a\u00f1o 2024, el sistema interconectado nacional alcanz\u00f3 una generaci\u00f3n el\u00e9ctrica total de 13,096.36 gigavatios hora, siendo las hidroel\u00e9ctricas, la principal fuente de energ\u00eda con un aporte del 59.69%.<\/strong><\/p>\n<p><strong>Le siguieron el gas natural, que represent\u00f3 el 17.13% y las energ\u00edas renovables (solar y e\u00f3lica) con una contribuci\u00f3n del 12.92%.<\/strong><\/p>\n","protected":false},"excerpt":{"rendered":"<p>Una declaraci\u00f3n de la confianza que se tiene en el <a href=\"https:\/\/sertv.gob.pa\/nacionalfm\/108701-2\/\"> [&#8230;]<\/a><\/p>\n","protected":false},"author":9,"featured_media":108702,"comment_status":"closed","ping_status":"closed","sticky":false,"template":"","format":"standard","meta":{"footnotes":""},"categories":[2],"tags":[],"class_list":["post-108701","post","type-post","status-publish","format-standard","has-post-thumbnail","hentry","category-nacionales"],"_links":{"self":[{"href":"https:\/\/sertv.gob.pa\/nacionalfm\/wp-json\/wp\/v2\/posts\/108701","targetHints":{"allow":["GET"]}}],"collection":[{"href":"https:\/\/sertv.gob.pa\/nacionalfm\/wp-json\/wp\/v2\/posts"}],"about":[{"href":"https:\/\/sertv.gob.pa\/nacionalfm\/wp-json\/wp\/v2\/types\/post"}],"author":[{"embeddable":true,"href":"https:\/\/sertv.gob.pa\/nacionalfm\/wp-json\/wp\/v2\/users\/9"}],"replies":[{"embeddable":true,"href":"https:\/\/sertv.gob.pa\/nacionalfm\/wp-json\/wp\/v2\/comments?post=108701"}],"version-history":[{"count":2,"href":"https:\/\/sertv.gob.pa\/nacionalfm\/wp-json\/wp\/v2\/posts\/108701\/revisions"}],"predecessor-version":[{"id":108704,"href":"https:\/\/sertv.gob.pa\/nacionalfm\/wp-json\/wp\/v2\/posts\/108701\/revisions\/108704"}],"wp:featuredmedia":[{"embeddable":true,"href":"https:\/\/sertv.gob.pa\/nacionalfm\/wp-json\/wp\/v2\/media\/108702"}],"wp:attachment":[{"href":"https:\/\/sertv.gob.pa\/nacionalfm\/wp-json\/wp\/v2\/media?parent=108701"}],"wp:term":[{"taxonomy":"category","embeddable":true,"href":"https:\/\/sertv.gob.pa\/nacionalfm\/wp-json\/wp\/v2\/categories?post=108701"},{"taxonomy":"post_tag","embeddable":true,"href":"https:\/\/sertv.gob.pa\/nacionalfm\/wp-json\/wp\/v2\/tags?post=108701"}],"curies":[{"name":"wp","href":"https:\/\/api.w.org\/{rel}","templated":true}]}}