{"id":108705,"date":"2025-06-04T14:27:59","date_gmt":"2025-06-04T19:27:59","guid":{"rendered":"https:\/\/sertv.gob.pa\/nacionalfm\/?p=108705"},"modified":"2025-06-04T14:27:59","modified_gmt":"2025-06-04T19:27:59","slug":"mida-y-atp-realizan-giras-de-promocion-para-fomentar-atractivos-de-fincas-agroturisticas-en-los-santos","status":"publish","type":"post","link":"https:\/\/sertv.gob.pa\/nacionalfm\/mida-y-atp-realizan-giras-de-promocion-para-fomentar-atractivos-de-fincas-agroturisticas-en-los-santos\/","title":{"rendered":"MIDA y ATP, realizan giras de promoci\u00f3n para fomentar atractivos de fincas agrotur\u00edsticas en Los Santos"},"content":{"rendered":"<p><em><strong>Con el fin de potenciar el agroturismo y dar apoyo a los productores locales, el Ministerio de Desarrollo Agropecuario (MIDA) en colaboraci\u00f3n con la Autoridad de Turismo de Panam\u00e1 (ATP), desarrollaron una gira de promoci\u00f3n, por fincas agrotur\u00edsticas certificadas en la provincia de Los Santos.<\/strong><\/em><\/p>\n<p><strong>Dicha iniciativa, pretende dar a conocer y promover el turismo rural en la regi\u00f3n. La gira, incluy\u00f3 visitas a las fincas Pamel, El Laurel, Z Ranch, El Espinal, El Recreo, Capri Dovi y Visi\u00f3n Verde Ave Mar\u00eda.<\/strong><\/p>\n<p><strong>Durante este recorrido, se recolect\u00f3 material audiovisual, que posteriormente ser\u00e1 utilizado para destacar los atractivos agropecuarios de estas fincas.<\/strong><\/p>\n<p><strong>El prop\u00f3sito primordial con esta acci\u00f3n, es que m\u00e1s visitantes descubran las experiencias \u00fanicas que ofrecen, como el contacto directo con la naturaleza, los animales, la vida rural y las pr\u00e1cticas agr\u00edcolas sostenibles.<\/strong><\/p>\n<p><strong>Es significativo resaltar, que esta actividad, surge como resultado de reuniones previas entre los productores, la ATP y el MIDA, entidad que certifica estas fincas y les brinda seguimiento, a fin de asegurar que cumplan con los requisitos para operar como destinos agrotur\u00edsticos.<\/strong><\/p>\n<p><strong>Cabe mencionar, adem\u00e1s qu ambas instituciones gubernamentales, trabajan conjuntamente, para promover estas fincas una vez que han obtenido su certificaci\u00f3n, garantizando que est\u00e9n listas para recibir a los visitantes y brindarles una experiencia aut\u00e9ntica y tambi\u00e9n enriquecedora.<\/strong><\/p>\n<p><strong>Con estas giras, se espera que las fincas agrotur\u00edsticas de Los Santos, se posicionen como destinos destacados a nivel nacional, y ayuden a dar mayor fuerza a la econom\u00eda local.<\/strong><\/p>\n","protected":false},"excerpt":{"rendered":"<p>Con el fin de potenciar el agroturismo y dar apoyo <a href=\"https:\/\/sertv.gob.pa\/nacionalfm\/mida-y-atp-realizan-giras-de-promocion-para-fomentar-atractivos-de-fincas-agroturisticas-en-los-santos\/\"> [&#8230;]<\/a><\/p>\n","protected":false},"author":9,"featured_media":108707,"comment_status":"closed","ping_status":"closed","sticky":false,"template":"","format":"standard","meta":{"footnotes":""},"categories":[2],"tags":[],"class_list":["post-108705","post","type-post","status-publish","format-standard","has-post-thumbnail","hentry","category-nacionales"],"_links":{"self":[{"href":"https:\/\/sertv.gob.pa\/nacionalfm\/wp-json\/wp\/v2\/posts\/108705","targetHints":{"allow":["GET"]}}],"collection":[{"href":"https:\/\/sertv.gob.pa\/nacionalfm\/wp-json\/wp\/v2\/posts"}],"about":[{"href":"https:\/\/sertv.gob.pa\/nacionalfm\/wp-json\/wp\/v2\/types\/post"}],"author":[{"embeddable":true,"href":"https:\/\/sertv.gob.pa\/nacionalfm\/wp-json\/wp\/v2\/users\/9"}],"replies":[{"embeddable":true,"href":"https:\/\/sertv.gob.pa\/nacionalfm\/wp-json\/wp\/v2\/comments?post=108705"}],"version-history":[{"count":1,"href":"https:\/\/sertv.gob.pa\/nacionalfm\/wp-json\/wp\/v2\/posts\/108705\/revisions"}],"predecessor-version":[{"id":108708,"href":"https:\/\/sertv.gob.pa\/nacionalfm\/wp-json\/wp\/v2\/posts\/108705\/revisions\/108708"}],"wp:featuredmedia":[{"embeddable":true,"href":"https:\/\/sertv.gob.pa\/nacionalfm\/wp-json\/wp\/v2\/media\/108707"}],"wp:attachment":[{"href":"https:\/\/sertv.gob.pa\/nacionalfm\/wp-json\/wp\/v2\/media?parent=108705"}],"wp:term":[{"taxonomy":"category","embeddable":true,"href":"https:\/\/sertv.gob.pa\/nacionalfm\/wp-json\/wp\/v2\/categories?post=108705"},{"taxonomy":"post_tag","embeddable":true,"href":"https:\/\/sertv.gob.pa\/nacionalfm\/wp-json\/wp\/v2\/tags?post=108705"}],"curies":[{"name":"wp","href":"https:\/\/api.w.org\/{rel}","templated":true}]}}