{"id":108710,"date":"2025-06-05T08:38:52","date_gmt":"2025-06-05T13:38:52","guid":{"rendered":"https:\/\/sertv.gob.pa\/nacionalfm\/?p=108710"},"modified":"2025-06-05T08:38:52","modified_gmt":"2025-06-05T13:38:52","slug":"estudiantes-de-panama-oeste-se-benefician-con-jornada-de-induccion-al-concurso-nacional-de-oratoria-2025","status":"publish","type":"post","link":"https:\/\/sertv.gob.pa\/nacionalfm\/estudiantes-de-panama-oeste-se-benefician-con-jornada-de-induccion-al-concurso-nacional-de-oratoria-2025\/","title":{"rendered":"Estudiantes de Panam\u00e1 Oeste, se benefician con \u00abJornada de inducci\u00f3n al Concurso Nacional de Oratoria 2025\u00bb"},"content":{"rendered":"<p><em><strong>Recientemente, m\u00e1s de 300 estudiantes de escuelas oficiales y particulares fueron part\u00edcipes, en la tercera jornada de inducci\u00f3n al Concurso Nacional de Oratoria 2025, organizada por la Secretar\u00eda Presidencial para la Reorganizaci\u00f3n del Estado y Asuntos Constitucionales (SEPRESAC) junto a Cable &amp; Wireless Panam\u00e1, en el Centro de Formaci\u00f3n Integral Nuevo Emperador, en Arraij\u00e1n.<\/strong><\/em><\/p>\n<p><strong>Este evento, el cual celebra los 20 a\u00f1os del certamen, cont\u00f3 la presencia del Dr. Miguel Antonio Bernal, coordinador Ejecutivo de SEPRESAC, quien fue la persona encargada del desarrollo del tema oficial del concurso, \u201cAlfabetizaci\u00f3n Constitucional\u201d, que busca promover una ciudadan\u00eda informada, cr\u00edtica y comprometida.<\/strong><\/p>\n<p><strong>\u201cLa participaci\u00f3n de ustedes, representa una esperanza para el pa\u00eds\u201d, enfatiz\u00f3 Bernal, que destac\u00f3 la relevancia de una posible asamblea constituyente y el papel de los j\u00f3venes en la transformaci\u00f3n social.<\/strong><\/p>\n<p><strong>De igual forma, Edgar Alderete, coordinador General del concurso, hizo hincapi\u00e9, en que el objetivo, es educar a toda la sociedad sobre sus derechos y deberes constitucionales.<\/strong><\/p>\n<p><strong>Durante esta jornada, se observaron din\u00e1micas participativas y la misma, seguir\u00e1 replic\u00e1ndose posteriormente, a nivel nacional, como parte del calendario oficial del certamen.<\/strong><\/p>\n","protected":false},"excerpt":{"rendered":"<p>Recientemente, m\u00e1s de 300 estudiantes de escuelas oficiales y particulares <a href=\"https:\/\/sertv.gob.pa\/nacionalfm\/estudiantes-de-panama-oeste-se-benefician-con-jornada-de-induccion-al-concurso-nacional-de-oratoria-2025\/\"> [&#8230;]<\/a><\/p>\n","protected":false},"author":9,"featured_media":108711,"comment_status":"closed","ping_status":"closed","sticky":false,"template":"","format":"standard","meta":{"footnotes":""},"categories":[2],"tags":[],"class_list":["post-108710","post","type-post","status-publish","format-standard","has-post-thumbnail","hentry","category-nacionales"],"_links":{"self":[{"href":"https:\/\/sertv.gob.pa\/nacionalfm\/wp-json\/wp\/v2\/posts\/108710","targetHints":{"allow":["GET"]}}],"collection":[{"href":"https:\/\/sertv.gob.pa\/nacionalfm\/wp-json\/wp\/v2\/posts"}],"about":[{"href":"https:\/\/sertv.gob.pa\/nacionalfm\/wp-json\/wp\/v2\/types\/post"}],"author":[{"embeddable":true,"href":"https:\/\/sertv.gob.pa\/nacionalfm\/wp-json\/wp\/v2\/users\/9"}],"replies":[{"embeddable":true,"href":"https:\/\/sertv.gob.pa\/nacionalfm\/wp-json\/wp\/v2\/comments?post=108710"}],"version-history":[{"count":1,"href":"https:\/\/sertv.gob.pa\/nacionalfm\/wp-json\/wp\/v2\/posts\/108710\/revisions"}],"predecessor-version":[{"id":108712,"href":"https:\/\/sertv.gob.pa\/nacionalfm\/wp-json\/wp\/v2\/posts\/108710\/revisions\/108712"}],"wp:featuredmedia":[{"embeddable":true,"href":"https:\/\/sertv.gob.pa\/nacionalfm\/wp-json\/wp\/v2\/media\/108711"}],"wp:attachment":[{"href":"https:\/\/sertv.gob.pa\/nacionalfm\/wp-json\/wp\/v2\/media?parent=108710"}],"wp:term":[{"taxonomy":"category","embeddable":true,"href":"https:\/\/sertv.gob.pa\/nacionalfm\/wp-json\/wp\/v2\/categories?post=108710"},{"taxonomy":"post_tag","embeddable":true,"href":"https:\/\/sertv.gob.pa\/nacionalfm\/wp-json\/wp\/v2\/tags?post=108710"}],"curies":[{"name":"wp","href":"https:\/\/api.w.org\/{rel}","templated":true}]}}