{"id":108713,"date":"2025-06-05T08:53:24","date_gmt":"2025-06-05T13:53:24","guid":{"rendered":"https:\/\/sertv.gob.pa\/nacionalfm\/?p=108713"},"modified":"2025-06-05T08:53:24","modified_gmt":"2025-06-05T13:53:24","slug":"comunicado-40","status":"publish","type":"post","link":"https:\/\/sertv.gob.pa\/nacionalfm\/comunicado-40\/","title":{"rendered":"COMUNICADO"},"content":{"rendered":"<p><strong>El Ministerio de Salud (Minsa) informa a la a la poblaci\u00f3n en general que, producto de los cierres de v\u00edas por manifestantes en Dari\u00e9n y Bocas del Toro, se han registrado inconvenientes en la atenci\u00f3n y traslado de pacientes, as\u00ed como del abastecimiento de nuestras instalaciones de salud con insumos y medicamentos; incluso personal de salud ha sido amenazado.<\/strong><\/p>\n<p><strong>En la provincia de Dari\u00e9n, los manifestantes, que mantienen bloqueos de la carretera Panamericana en varios puntos, han impedido el traslado de pacientes hacia hospitales de Panam\u00e1 Este o la ciudad de Panam\u00e1, lo que ha obligado a utilizar aviones del Servicio Nacional Aeronaval (SENAN) para los traslados.\u00a0<\/strong><\/p>\n<p><strong>En la provincia de Bocas del Toro, los m\u00faltiples cierres de v\u00edas dificultan el traslado de pacientes y que las personas puedan llegar a las diferentes instalaciones de salud en busca de atenci\u00f3n m\u00e9dica. Incluso, personal de salud ha sido amenazado.<\/strong><\/p>\n<p><strong>Adem\u00e1s, los bloqueos de v\u00edas y carreteras est\u00e1n dificultando el abastecimiento de las instalaciones de salud del Minsa con medicamentos e insumos, lo que pone en riesgo la salud de la poblaci\u00f3n.<\/strong><\/p>\n<p><strong>El Minsa mantiene coordinaciones con el SENAN para establecer un puente a\u00e9reo que permita el traslado oportuno de pacientes con cuadros de urgencia y el abastecimiento de medicamentos e insumos.<\/strong><\/p>\n<p><strong>Desde el Ministerio de Salud hacemos un llamado a las personas que se est\u00e1n manifestando con bloqueos de v\u00edas y carreteras a permitir el libre tr\u00e1nsito de las ambulancias y veh\u00edculos que transportan medicamentos e insumos hacia las instalaciones de salud en todo el pa\u00eds.<\/strong><\/p>\n<p><strong>As\u00ed mismo, se hace un llamado a respetar la integridad f\u00edsica y emocional del personal de salud que labora en las instalaciones del Minsa a nivel nacional, para garantizar la atenci\u00f3n y la salud de la poblaci\u00f3n.<\/strong><\/p>\n<p>&nbsp;<\/p>\n","protected":false},"excerpt":{"rendered":"<p>El Ministerio de Salud (Minsa) informa a la a la <a href=\"https:\/\/sertv.gob.pa\/nacionalfm\/comunicado-40\/\"> [&#8230;]<\/a><\/p>\n","protected":false},"author":9,"featured_media":101445,"comment_status":"closed","ping_status":"closed","sticky":false,"template":"","format":"standard","meta":{"footnotes":""},"categories":[2],"tags":[],"class_list":["post-108713","post","type-post","status-publish","format-standard","has-post-thumbnail","hentry","category-nacionales"],"_links":{"self":[{"href":"https:\/\/sertv.gob.pa\/nacionalfm\/wp-json\/wp\/v2\/posts\/108713","targetHints":{"allow":["GET"]}}],"collection":[{"href":"https:\/\/sertv.gob.pa\/nacionalfm\/wp-json\/wp\/v2\/posts"}],"about":[{"href":"https:\/\/sertv.gob.pa\/nacionalfm\/wp-json\/wp\/v2\/types\/post"}],"author":[{"embeddable":true,"href":"https:\/\/sertv.gob.pa\/nacionalfm\/wp-json\/wp\/v2\/users\/9"}],"replies":[{"embeddable":true,"href":"https:\/\/sertv.gob.pa\/nacionalfm\/wp-json\/wp\/v2\/comments?post=108713"}],"version-history":[{"count":1,"href":"https:\/\/sertv.gob.pa\/nacionalfm\/wp-json\/wp\/v2\/posts\/108713\/revisions"}],"predecessor-version":[{"id":108714,"href":"https:\/\/sertv.gob.pa\/nacionalfm\/wp-json\/wp\/v2\/posts\/108713\/revisions\/108714"}],"wp:featuredmedia":[{"embeddable":true,"href":"https:\/\/sertv.gob.pa\/nacionalfm\/wp-json\/wp\/v2\/media\/101445"}],"wp:attachment":[{"href":"https:\/\/sertv.gob.pa\/nacionalfm\/wp-json\/wp\/v2\/media?parent=108713"}],"wp:term":[{"taxonomy":"category","embeddable":true,"href":"https:\/\/sertv.gob.pa\/nacionalfm\/wp-json\/wp\/v2\/categories?post=108713"},{"taxonomy":"post_tag","embeddable":true,"href":"https:\/\/sertv.gob.pa\/nacionalfm\/wp-json\/wp\/v2\/tags?post=108713"}],"curies":[{"name":"wp","href":"https:\/\/api.w.org\/{rel}","templated":true}]}}