{"id":108715,"date":"2025-06-05T09:28:52","date_gmt":"2025-06-05T14:28:52","guid":{"rendered":"https:\/\/sertv.gob.pa\/nacionalfm\/?p=108715"},"modified":"2025-06-05T09:28:52","modified_gmt":"2025-06-05T14:28:52","slug":"nueva-superintendente-de-sujetos-no-financieros-del-mef-asume-el-cargo","status":"publish","type":"post","link":"https:\/\/sertv.gob.pa\/nacionalfm\/nueva-superintendente-de-sujetos-no-financieros-del-mef-asume-el-cargo\/","title":{"rendered":"Nueva Superintendente de Sujetos No Financieros del MEF, asume el cargo"},"content":{"rendered":"<p><em><strong>Marcando el inicio de una nueva etapa para la Superintendencia de Sujetos No Financieros, este lunes, 2 junio, tom\u00f3 posesi\u00f3n como nueva Superintendente, Isabel Fern\u00e1ndez Alfaro ante el ministro de Econom\u00eda y Finanzas de Panam\u00e1, Felipe Chapman.<\/strong><\/em><\/p>\n<p><strong>Fern\u00e1ndez Alfaro, destac\u00f3 que, uno de sus principales objetivos es fortalecer primero la estructura interna de la Superintendencia, con el fin de garantizar un funcionamiento m\u00e1s eficiente y transparente.<\/strong><\/p>\n<p><strong>\u201cComo Superintendencia, tenemos la intenci\u00f3n de empezar a trabajar desde adentro, optimizando nuestros procesos y fortaleciendo nuestras capacidades internas, solo as\u00ed podremos salir a los sectores que regulamos y brindarles una supervisi\u00f3n m\u00e1s efectiva, basada en datos precisos y bien gestionados\u201d, expres\u00f3.<\/strong><\/p>\n<p><strong>Igualmente, destac\u00f3 la importancia de modernizar los sistemas tecnol\u00f3gicos dentro de la instituci\u00f3n, con la finalidad de mejorar la recopilaci\u00f3n, an\u00e1lisis y uso de la informaci\u00f3n financiera y no financiera.<\/strong><\/p>\n<p><strong>La Superintendencia impulsar\u00e1 programas de capacitaci\u00f3n y actividades de sensibilizaci\u00f3n dirigidas tanto a los colaboradores internos como a los actores externos bajo su supervisi\u00f3n. \u201cNuestro compromiso es claro: queremos estar mejor preparados para orientar, supervisar y colaborar con los sectores que atendemos\u201d, concluy\u00f3 la superintendente Fern\u00e1ndez Alfaro.<\/strong><\/p>\n","protected":false},"excerpt":{"rendered":"<p>Marcando el inicio de una nueva etapa para la Superintendencia <a href=\"https:\/\/sertv.gob.pa\/nacionalfm\/nueva-superintendente-de-sujetos-no-financieros-del-mef-asume-el-cargo\/\"> [&#8230;]<\/a><\/p>\n","protected":false},"author":9,"featured_media":108716,"comment_status":"closed","ping_status":"closed","sticky":false,"template":"","format":"standard","meta":{"footnotes":""},"categories":[2],"tags":[],"class_list":["post-108715","post","type-post","status-publish","format-standard","has-post-thumbnail","hentry","category-nacionales"],"_links":{"self":[{"href":"https:\/\/sertv.gob.pa\/nacionalfm\/wp-json\/wp\/v2\/posts\/108715","targetHints":{"allow":["GET"]}}],"collection":[{"href":"https:\/\/sertv.gob.pa\/nacionalfm\/wp-json\/wp\/v2\/posts"}],"about":[{"href":"https:\/\/sertv.gob.pa\/nacionalfm\/wp-json\/wp\/v2\/types\/post"}],"author":[{"embeddable":true,"href":"https:\/\/sertv.gob.pa\/nacionalfm\/wp-json\/wp\/v2\/users\/9"}],"replies":[{"embeddable":true,"href":"https:\/\/sertv.gob.pa\/nacionalfm\/wp-json\/wp\/v2\/comments?post=108715"}],"version-history":[{"count":1,"href":"https:\/\/sertv.gob.pa\/nacionalfm\/wp-json\/wp\/v2\/posts\/108715\/revisions"}],"predecessor-version":[{"id":108717,"href":"https:\/\/sertv.gob.pa\/nacionalfm\/wp-json\/wp\/v2\/posts\/108715\/revisions\/108717"}],"wp:featuredmedia":[{"embeddable":true,"href":"https:\/\/sertv.gob.pa\/nacionalfm\/wp-json\/wp\/v2\/media\/108716"}],"wp:attachment":[{"href":"https:\/\/sertv.gob.pa\/nacionalfm\/wp-json\/wp\/v2\/media?parent=108715"}],"wp:term":[{"taxonomy":"category","embeddable":true,"href":"https:\/\/sertv.gob.pa\/nacionalfm\/wp-json\/wp\/v2\/categories?post=108715"},{"taxonomy":"post_tag","embeddable":true,"href":"https:\/\/sertv.gob.pa\/nacionalfm\/wp-json\/wp\/v2\/tags?post=108715"}],"curies":[{"name":"wp","href":"https:\/\/api.w.org\/{rel}","templated":true}]}}