{"id":108718,"date":"2025-06-05T09:59:23","date_gmt":"2025-06-05T14:59:23","guid":{"rendered":"https:\/\/sertv.gob.pa\/nacionalfm\/?p=108718"},"modified":"2025-06-05T09:59:23","modified_gmt":"2025-06-05T14:59:23","slug":"lideres-estudiantiles-se-reunen-con-la-ministra-de-educacion-para-abordar-temas-de-interes","status":"publish","type":"post","link":"https:\/\/sertv.gob.pa\/nacionalfm\/lideres-estudiantiles-se-reunen-con-la-ministra-de-educacion-para-abordar-temas-de-interes\/","title":{"rendered":"L\u00edderes Estudiantiles se re\u00fanen con la ministra de Educaci\u00f3n, para abordar temas de inter\u00e9s"},"content":{"rendered":"<p><strong>Un grupo de l\u00edderes estudiantiles, llevaron a cabo un interesante encuentro con la ministra de Educaci\u00f3n de Panam\u00e1, Lucy Molinar, en cuanto a temas que despiertan inter\u00e9s, en esta poblaci\u00f3n de und\u00e9cimo y duod\u00e9cimo grado de las regiones escolares de San Miguelito, Panam\u00e1 Centro y Panam\u00e1 Oeste.<\/strong><\/p>\n<p><strong>En relaci\u00f3n con esto, Jos\u00e9 Samaniego, estudiante graduando del Centro Educativo Stella Sierra, expres\u00f3 la importancia de establecer una cercan\u00eda como alumnos con el ministerio, con el fin de generar soluciones que impulsen el desarrollo del sistema educativo.<\/strong><\/p>\n<p><strong>Por su parte, Hilary Tenorio, representante del Instituto Nacional, agradeci\u00f3 la disposici\u00f3n de la ministra para escuchar las inquietudes de los estudiantes y brindarles la oportunidad de plantear sus necesidades de manera directa.<\/strong><\/p>\n<p><strong>En tanto, Walkiria Gudi\u00f1o, del Instituto Am\u00e9rica, destac\u00f3 el compromiso de la juventud con la educaci\u00f3n, se\u00f1alando que, a pesar de los retos que enfrenta el pa\u00eds, los estudiantes, est\u00e1n dispuestos a contribuir al progreso de Panam\u00e1.<\/strong><\/p>\n<p><em><strong>El MEDUCA, reafirma su compromiso de seguir promoviendo espacios colaborativos con los diferentes actores de la educaci\u00f3n.<\/strong><\/em><\/p>\n","protected":false},"excerpt":{"rendered":"<p>Un grupo de l\u00edderes estudiantiles, llevaron a cabo un interesante <a href=\"https:\/\/sertv.gob.pa\/nacionalfm\/lideres-estudiantiles-se-reunen-con-la-ministra-de-educacion-para-abordar-temas-de-interes\/\"> [&#8230;]<\/a><\/p>\n","protected":false},"author":9,"featured_media":108719,"comment_status":"closed","ping_status":"closed","sticky":false,"template":"","format":"standard","meta":{"footnotes":""},"categories":[2],"tags":[],"class_list":["post-108718","post","type-post","status-publish","format-standard","has-post-thumbnail","hentry","category-nacionales"],"_links":{"self":[{"href":"https:\/\/sertv.gob.pa\/nacionalfm\/wp-json\/wp\/v2\/posts\/108718","targetHints":{"allow":["GET"]}}],"collection":[{"href":"https:\/\/sertv.gob.pa\/nacionalfm\/wp-json\/wp\/v2\/posts"}],"about":[{"href":"https:\/\/sertv.gob.pa\/nacionalfm\/wp-json\/wp\/v2\/types\/post"}],"author":[{"embeddable":true,"href":"https:\/\/sertv.gob.pa\/nacionalfm\/wp-json\/wp\/v2\/users\/9"}],"replies":[{"embeddable":true,"href":"https:\/\/sertv.gob.pa\/nacionalfm\/wp-json\/wp\/v2\/comments?post=108718"}],"version-history":[{"count":1,"href":"https:\/\/sertv.gob.pa\/nacionalfm\/wp-json\/wp\/v2\/posts\/108718\/revisions"}],"predecessor-version":[{"id":108720,"href":"https:\/\/sertv.gob.pa\/nacionalfm\/wp-json\/wp\/v2\/posts\/108718\/revisions\/108720"}],"wp:featuredmedia":[{"embeddable":true,"href":"https:\/\/sertv.gob.pa\/nacionalfm\/wp-json\/wp\/v2\/media\/108719"}],"wp:attachment":[{"href":"https:\/\/sertv.gob.pa\/nacionalfm\/wp-json\/wp\/v2\/media?parent=108718"}],"wp:term":[{"taxonomy":"category","embeddable":true,"href":"https:\/\/sertv.gob.pa\/nacionalfm\/wp-json\/wp\/v2\/categories?post=108718"},{"taxonomy":"post_tag","embeddable":true,"href":"https:\/\/sertv.gob.pa\/nacionalfm\/wp-json\/wp\/v2\/tags?post=108718"}],"curies":[{"name":"wp","href":"https:\/\/api.w.org\/{rel}","templated":true}]}}