{"id":108721,"date":"2025-06-05T10:50:54","date_gmt":"2025-06-05T15:50:54","guid":{"rendered":"https:\/\/sertv.gob.pa\/nacionalfm\/?p=108721"},"modified":"2025-06-05T10:50:54","modified_gmt":"2025-06-05T15:50:54","slug":"inicia-en-panama-la-47-conferencia-anual-de-caricom","status":"publish","type":"post","link":"https:\/\/sertv.gob.pa\/nacionalfm\/inicia-en-panama-la-47-conferencia-anual-de-caricom\/","title":{"rendered":"Inicia en Panam\u00e1, la 47 Conferencia anual de CARICOM"},"content":{"rendered":"<p><em><strong>La Comunidad del Caribe, dio principio en la ciudad de Panam\u00e1, de la 47 conferencia anual con el tema: \u201cDesbloquear la Prosperidad Econ\u00f3mica a trav\u00e9s de Estrategias Aduaneras\u201d.<\/strong><\/em><\/p>\n<p><strong>Durante la ceremonia de apertura, de este mi\u00e9rcoles 4 de junio, la Autoridad Nacional de Aduanas (ANA), como anfitriona del evento, dio la bienvenida a los participantes internacionales con palabras de \u00e1nimo de parte del Licdo. Reynaldo Bello, Subdirector Log\u00edstico de la entidad.<\/strong><\/p>\n<p><strong>En el evento, el licenciado Bello, destac\u00f3 que \u201cla uni\u00f3n hace la fuerza para mejorar los servicios aduaneros y la lucha contra el comercio il\u00edcito, juntos somos m\u00e1s fuertes y creativos, para encontrar el camino hacia la modernizaci\u00f3n de las aduanas\u201d, manifest\u00f3 a los presentes.<\/strong><\/p>\n<p><strong>La conferencia, tiene proyectado una variada agenda de temas relacionados con la transformaci\u00f3n digital de las aduanas, la facilitaci\u00f3n del comercio, seguridad y la recaudaci\u00f3n eficiente entre otros. Adem\u00e1s, se abordar\u00e1n aspectos relacionados con la inteligencia artificial y ciberseguridad, porque aduanas es el coraz\u00f3n de las relaciones comerciales.<\/strong><\/p>\n<p><strong>En su participaci\u00f3n, el Presidente del Comit\u00e9 Ejecutivo del Consejo de Fiscalizaci\u00f3n Aduanera del Caribe, Mr. Roderic Croes, hizo \u00e9nfasis en la necesidad de conectar las Am\u00e9ricas con pr\u00e1cticas innovadoras, \u201cen esta conferencia vamos a reportar adem\u00e1s de lo que hemos logrado, proyectarnos hacia futuro\u201d, destac\u00f3.<\/strong><\/p>\n<p><strong>Es importante recordar, que CARICOM o Comunidad del Caribe, tiene como objetivo principal fortalecer la cooperaci\u00f3n econ\u00f3mica y el desarrollo econ\u00f3mico en el Caribe y la regi\u00f3n.<\/strong><\/p>\n","protected":false},"excerpt":{"rendered":"<p>La Comunidad del Caribe, dio principio en la ciudad de <a href=\"https:\/\/sertv.gob.pa\/nacionalfm\/inicia-en-panama-la-47-conferencia-anual-de-caricom\/\"> [&#8230;]<\/a><\/p>\n","protected":false},"author":9,"featured_media":108722,"comment_status":"closed","ping_status":"closed","sticky":false,"template":"","format":"standard","meta":{"footnotes":""},"categories":[2],"tags":[],"class_list":["post-108721","post","type-post","status-publish","format-standard","has-post-thumbnail","hentry","category-nacionales"],"_links":{"self":[{"href":"https:\/\/sertv.gob.pa\/nacionalfm\/wp-json\/wp\/v2\/posts\/108721","targetHints":{"allow":["GET"]}}],"collection":[{"href":"https:\/\/sertv.gob.pa\/nacionalfm\/wp-json\/wp\/v2\/posts"}],"about":[{"href":"https:\/\/sertv.gob.pa\/nacionalfm\/wp-json\/wp\/v2\/types\/post"}],"author":[{"embeddable":true,"href":"https:\/\/sertv.gob.pa\/nacionalfm\/wp-json\/wp\/v2\/users\/9"}],"replies":[{"embeddable":true,"href":"https:\/\/sertv.gob.pa\/nacionalfm\/wp-json\/wp\/v2\/comments?post=108721"}],"version-history":[{"count":1,"href":"https:\/\/sertv.gob.pa\/nacionalfm\/wp-json\/wp\/v2\/posts\/108721\/revisions"}],"predecessor-version":[{"id":108723,"href":"https:\/\/sertv.gob.pa\/nacionalfm\/wp-json\/wp\/v2\/posts\/108721\/revisions\/108723"}],"wp:featuredmedia":[{"embeddable":true,"href":"https:\/\/sertv.gob.pa\/nacionalfm\/wp-json\/wp\/v2\/media\/108722"}],"wp:attachment":[{"href":"https:\/\/sertv.gob.pa\/nacionalfm\/wp-json\/wp\/v2\/media?parent=108721"}],"wp:term":[{"taxonomy":"category","embeddable":true,"href":"https:\/\/sertv.gob.pa\/nacionalfm\/wp-json\/wp\/v2\/categories?post=108721"},{"taxonomy":"post_tag","embeddable":true,"href":"https:\/\/sertv.gob.pa\/nacionalfm\/wp-json\/wp\/v2\/tags?post=108721"}],"curies":[{"name":"wp","href":"https:\/\/api.w.org\/{rel}","templated":true}]}}