{"id":108724,"date":"2025-06-05T11:17:33","date_gmt":"2025-06-05T16:17:33","guid":{"rendered":"https:\/\/sertv.gob.pa\/nacionalfm\/?p=108724"},"modified":"2025-06-05T11:17:33","modified_gmt":"2025-06-05T16:17:33","slug":"minsa-efectua-reunion-nacional-de-enlaces-de-discapacidad-y-coordinadores-de-reintegra-en-la-provincia-de-cocle","status":"publish","type":"post","link":"https:\/\/sertv.gob.pa\/nacionalfm\/minsa-efectua-reunion-nacional-de-enlaces-de-discapacidad-y-coordinadores-de-reintegra-en-la-provincia-de-cocle\/","title":{"rendered":"MINSA efect\u00faa reuni\u00f3n nacional de enlaces de discapacidad y coordinadores de REINTEGRA, en la provincia de Cocl\u00e9"},"content":{"rendered":"<p><em><strong>El Ministerio de Salud a trav\u00e9s de la Oficina Nacional de Salud Integral para la Poblaci\u00f3n con Discapacidad (ONSIPD), lleva a cabo del 4 al 6 de junio en la provincia de Cocl\u00e9, la primera reuni\u00f3n con los enlaces de discapacidad y coordinadores de los Centros de Rehabilitaci\u00f3n Integral (REINTEGRA), donde participan las 15 regiones del pa\u00eds.<\/strong><\/em><\/p>\n<p><strong>Sobre el particular, Guillermo Tejada, director de ONSIPD, indic\u00f3 que, el objetivo del taller, es evaluar los conceptos generales que se quieren desarrollar, visualizar las dificultades, proyecciones que tiene cada una de las regiones, las acciones realizadas en materia de los servicios de salud en beneficio de la poblaci\u00f3n con discapacidad, docencias sobre normativas en el marco de respeto de sus derechos y la importancia no solo del abordaje de la persona con discapacidad, sino tambi\u00e9n el de toda la familia.<\/strong><\/p>\n<p><strong>Agreg\u00f3 que, seg\u00fan los censos que se han realizado en nuestro pa\u00eds, el 12% de la poblaci\u00f3n, tiene alg\u00fan grado de discapacidad, por lo que es necesario ofrecerles ayuda t\u00e9cnica en los procesos de rehabilitaci\u00f3n, sobre todo en la prevenci\u00f3n ya que, algunas situaciones pueden ser prevenibles.<\/strong><\/p>\n<p><em><strong>Cabe recordar, que REINTEGRA en la Regi\u00f3n de Salud de Cocl\u00e9, ofrece el servicio de rehabilitaci\u00f3n a una poblaci\u00f3n de 0 a 18 a\u00f1os de edad en fisioterapia y fonoaudiolog\u00eda de lunes a viernes en horario de 7:00 a.m. a 3:00 p.m.<\/strong><\/em><\/p>\n","protected":false},"excerpt":{"rendered":"<p>El Ministerio de Salud a trav\u00e9s de la Oficina Nacional <a href=\"https:\/\/sertv.gob.pa\/nacionalfm\/minsa-efectua-reunion-nacional-de-enlaces-de-discapacidad-y-coordinadores-de-reintegra-en-la-provincia-de-cocle\/\"> [&#8230;]<\/a><\/p>\n","protected":false},"author":9,"featured_media":108725,"comment_status":"closed","ping_status":"closed","sticky":false,"template":"","format":"standard","meta":{"footnotes":""},"categories":[5],"tags":[],"class_list":["post-108724","post","type-post","status-publish","format-standard","has-post-thumbnail","hentry","category-salud"],"_links":{"self":[{"href":"https:\/\/sertv.gob.pa\/nacionalfm\/wp-json\/wp\/v2\/posts\/108724","targetHints":{"allow":["GET"]}}],"collection":[{"href":"https:\/\/sertv.gob.pa\/nacionalfm\/wp-json\/wp\/v2\/posts"}],"about":[{"href":"https:\/\/sertv.gob.pa\/nacionalfm\/wp-json\/wp\/v2\/types\/post"}],"author":[{"embeddable":true,"href":"https:\/\/sertv.gob.pa\/nacionalfm\/wp-json\/wp\/v2\/users\/9"}],"replies":[{"embeddable":true,"href":"https:\/\/sertv.gob.pa\/nacionalfm\/wp-json\/wp\/v2\/comments?post=108724"}],"version-history":[{"count":1,"href":"https:\/\/sertv.gob.pa\/nacionalfm\/wp-json\/wp\/v2\/posts\/108724\/revisions"}],"predecessor-version":[{"id":108726,"href":"https:\/\/sertv.gob.pa\/nacionalfm\/wp-json\/wp\/v2\/posts\/108724\/revisions\/108726"}],"wp:featuredmedia":[{"embeddable":true,"href":"https:\/\/sertv.gob.pa\/nacionalfm\/wp-json\/wp\/v2\/media\/108725"}],"wp:attachment":[{"href":"https:\/\/sertv.gob.pa\/nacionalfm\/wp-json\/wp\/v2\/media?parent=108724"}],"wp:term":[{"taxonomy":"category","embeddable":true,"href":"https:\/\/sertv.gob.pa\/nacionalfm\/wp-json\/wp\/v2\/categories?post=108724"},{"taxonomy":"post_tag","embeddable":true,"href":"https:\/\/sertv.gob.pa\/nacionalfm\/wp-json\/wp\/v2\/tags?post=108724"}],"curies":[{"name":"wp","href":"https:\/\/api.w.org\/{rel}","templated":true}]}}