{"id":108730,"date":"2025-06-05T12:40:03","date_gmt":"2025-06-05T17:40:03","guid":{"rendered":"https:\/\/sertv.gob.pa\/nacionalfm\/?p=108730"},"modified":"2025-06-05T12:40:03","modified_gmt":"2025-06-05T17:40:03","slug":"personal-de-cuarentena-agricola-del-mida-inspecciona-importacion-de-nauplios-de-camaron-en-pedasi","status":"publish","type":"post","link":"https:\/\/sertv.gob.pa\/nacionalfm\/personal-de-cuarentena-agricola-del-mida-inspecciona-importacion-de-nauplios-de-camaron-en-pedasi\/","title":{"rendered":"Personal de Cuarentena Agr\u00edcola del MIDA, inspecciona importaci\u00f3n de nauplios de camar\u00f3n, en Pedas\u00ed"},"content":{"rendered":"<p><em><strong>En estricto cumplimiento de los protocolos zoosanitarios, personal de la Direcci\u00f3n de Cuarentena Agropecuaria del Ministerio de Desarrollo Agropecuario de Panam\u00e1 (MIDA), supervis\u00f3 la importaci\u00f3n de nauplios de camar\u00f3n blanco del Pac\u00edfico (Litopenaeus vannamei) desde Ecuador por parte de una empresa camaronera en Pedas\u00ed, Los Santos.<\/strong><\/em><\/p>\n<p><strong>El procedimiento est\u00e1ndar aplicado, incluy\u00f3 un primer muestreo en fase larvaria PL7. Posteriormente, la liberaci\u00f3n del producto en fase PL15 solo se llev\u00f3 a cabo una vez que el Laboratorio de Diagn\u00f3stico Veterinario (LADIV) \u2013 Salud Animal emiti\u00f3 resultados conformes.<\/strong><\/p>\n<p><strong>Hay que enfatizar, que la Direcci\u00f3n Ejecutiva de Cuarentena Agropecuaria del MIDA, mantiene una vigilancia constante en la entrada de productos de origen animal, implementando medidas t\u00e9cnicas y diagn\u00f3sticos oportunos a fin de garantizar la sanidad acu\u00edcola nacional.<\/strong><\/p>\n","protected":false},"excerpt":{"rendered":"<p>En estricto cumplimiento de los protocolos zoosanitarios, personal de la <a href=\"https:\/\/sertv.gob.pa\/nacionalfm\/personal-de-cuarentena-agricola-del-mida-inspecciona-importacion-de-nauplios-de-camaron-en-pedasi\/\"> [&#8230;]<\/a><\/p>\n","protected":false},"author":9,"featured_media":108731,"comment_status":"closed","ping_status":"closed","sticky":false,"template":"","format":"standard","meta":{"footnotes":""},"categories":[5],"tags":[],"class_list":["post-108730","post","type-post","status-publish","format-standard","has-post-thumbnail","hentry","category-salud"],"_links":{"self":[{"href":"https:\/\/sertv.gob.pa\/nacionalfm\/wp-json\/wp\/v2\/posts\/108730","targetHints":{"allow":["GET"]}}],"collection":[{"href":"https:\/\/sertv.gob.pa\/nacionalfm\/wp-json\/wp\/v2\/posts"}],"about":[{"href":"https:\/\/sertv.gob.pa\/nacionalfm\/wp-json\/wp\/v2\/types\/post"}],"author":[{"embeddable":true,"href":"https:\/\/sertv.gob.pa\/nacionalfm\/wp-json\/wp\/v2\/users\/9"}],"replies":[{"embeddable":true,"href":"https:\/\/sertv.gob.pa\/nacionalfm\/wp-json\/wp\/v2\/comments?post=108730"}],"version-history":[{"count":1,"href":"https:\/\/sertv.gob.pa\/nacionalfm\/wp-json\/wp\/v2\/posts\/108730\/revisions"}],"predecessor-version":[{"id":108732,"href":"https:\/\/sertv.gob.pa\/nacionalfm\/wp-json\/wp\/v2\/posts\/108730\/revisions\/108732"}],"wp:featuredmedia":[{"embeddable":true,"href":"https:\/\/sertv.gob.pa\/nacionalfm\/wp-json\/wp\/v2\/media\/108731"}],"wp:attachment":[{"href":"https:\/\/sertv.gob.pa\/nacionalfm\/wp-json\/wp\/v2\/media?parent=108730"}],"wp:term":[{"taxonomy":"category","embeddable":true,"href":"https:\/\/sertv.gob.pa\/nacionalfm\/wp-json\/wp\/v2\/categories?post=108730"},{"taxonomy":"post_tag","embeddable":true,"href":"https:\/\/sertv.gob.pa\/nacionalfm\/wp-json\/wp\/v2\/tags?post=108730"}],"curies":[{"name":"wp","href":"https:\/\/api.w.org\/{rel}","templated":true}]}}