{"id":108744,"date":"2025-06-05T14:25:40","date_gmt":"2025-06-05T19:25:40","guid":{"rendered":"https:\/\/sertv.gob.pa\/nacionalfm\/?p=108744"},"modified":"2025-06-05T14:25:40","modified_gmt":"2025-06-05T19:25:40","slug":"autoridades-retienen-usd12463-00-en-el-aeropuerto-de-panama-pacifico","status":"publish","type":"post","link":"https:\/\/sertv.gob.pa\/nacionalfm\/autoridades-retienen-usd12463-00-en-el-aeropuerto-de-panama-pacifico\/","title":{"rendered":"Autoridades retienen USD$12,463.00, en el Aeropuerto de Panam\u00e1 Pac\u00edfico"},"content":{"rendered":"<p><em><strong>A un pasajero proveniente de Cuba, se le retuvieron la cantidad de USD$12,463.00, por omitir la cantidad total de dinero que cargaba al ser abordado por los inspectores aduaneros de carriles del Aeropuerto Internacional de Panam\u00e1 Pac\u00edfico.<\/strong><\/em><\/p>\n<p><strong>Estos hechos, se dieron cuando al pasajero se le cuestion\u00f3 sobre la cantidad de dinero que cargaba a su arribo a Panam\u00e1, revelando \u00e9ste, que tra\u00eda consigo 5 mil d\u00f3lares en la cartera y 5 mil d\u00f3lares en la maleta. No obstante, al pasar el equipaje por el esc\u00e1ner, el inspector de la Autoridad Nacional de Aduanas, detecta que trae m\u00e1s dinero y se procede a realiz\u00e1rsele una revisi\u00f3n secundaria en conjunto con el personal de la Direcci\u00f3n de Investigaci\u00f3n Judicial (DIJ), descubri\u00e9ndose luego del conteo, que el monto total que cargaba era de USD$12,463.00, el cual le fue retenido y el caso pas\u00f3 a Fiscal\u00eda para investigaci\u00f3n.<\/strong><\/p>\n","protected":false},"excerpt":{"rendered":"<p>A un pasajero proveniente de Cuba, se le retuvieron la <a href=\"https:\/\/sertv.gob.pa\/nacionalfm\/autoridades-retienen-usd12463-00-en-el-aeropuerto-de-panama-pacifico\/\"> [&#8230;]<\/a><\/p>\n","protected":false},"author":9,"featured_media":108745,"comment_status":"closed","ping_status":"closed","sticky":false,"template":"","format":"standard","meta":{"footnotes":""},"categories":[2],"tags":[],"class_list":["post-108744","post","type-post","status-publish","format-standard","has-post-thumbnail","hentry","category-nacionales"],"_links":{"self":[{"href":"https:\/\/sertv.gob.pa\/nacionalfm\/wp-json\/wp\/v2\/posts\/108744","targetHints":{"allow":["GET"]}}],"collection":[{"href":"https:\/\/sertv.gob.pa\/nacionalfm\/wp-json\/wp\/v2\/posts"}],"about":[{"href":"https:\/\/sertv.gob.pa\/nacionalfm\/wp-json\/wp\/v2\/types\/post"}],"author":[{"embeddable":true,"href":"https:\/\/sertv.gob.pa\/nacionalfm\/wp-json\/wp\/v2\/users\/9"}],"replies":[{"embeddable":true,"href":"https:\/\/sertv.gob.pa\/nacionalfm\/wp-json\/wp\/v2\/comments?post=108744"}],"version-history":[{"count":1,"href":"https:\/\/sertv.gob.pa\/nacionalfm\/wp-json\/wp\/v2\/posts\/108744\/revisions"}],"predecessor-version":[{"id":108746,"href":"https:\/\/sertv.gob.pa\/nacionalfm\/wp-json\/wp\/v2\/posts\/108744\/revisions\/108746"}],"wp:featuredmedia":[{"embeddable":true,"href":"https:\/\/sertv.gob.pa\/nacionalfm\/wp-json\/wp\/v2\/media\/108745"}],"wp:attachment":[{"href":"https:\/\/sertv.gob.pa\/nacionalfm\/wp-json\/wp\/v2\/media?parent=108744"}],"wp:term":[{"taxonomy":"category","embeddable":true,"href":"https:\/\/sertv.gob.pa\/nacionalfm\/wp-json\/wp\/v2\/categories?post=108744"},{"taxonomy":"post_tag","embeddable":true,"href":"https:\/\/sertv.gob.pa\/nacionalfm\/wp-json\/wp\/v2\/tags?post=108744"}],"curies":[{"name":"wp","href":"https:\/\/api.w.org\/{rel}","templated":true}]}}