{"id":108747,"date":"2025-06-06T08:24:34","date_gmt":"2025-06-06T13:24:34","guid":{"rendered":"https:\/\/sertv.gob.pa\/nacionalfm\/?p=108747"},"modified":"2025-06-06T08:24:34","modified_gmt":"2025-06-06T13:24:34","slug":"el-bid-manifiesta-su-interes-para-promocionar-a-panama-como-hub-de-inversiones-y-apoyara-su-ingreso-a-la-ocde","status":"publish","type":"post","link":"https:\/\/sertv.gob.pa\/nacionalfm\/el-bid-manifiesta-su-interes-para-promocionar-a-panama-como-hub-de-inversiones-y-apoyara-su-ingreso-a-la-ocde\/","title":{"rendered":"El BID manifiesta su inter\u00e9s para promocionar a Panam\u00e1 como \u00abhub\u00bb de inversiones y apoyar\u00e1 su ingreso a la OCDE"},"content":{"rendered":"<div class=\"fusion-fullwidth fullwidth-box fusion-builder-row-1 fusion-flex-container nonhundred-percent-fullwidth non-hundred-percent-height-scrolling\" style=\"--awb-border-radius-top-left:0px;--awb-border-radius-top-right:0px;--awb-border-radius-bottom-right:0px;--awb-border-radius-bottom-left:0px;--awb-flex-wrap:wrap;\" ><div class=\"fusion-builder-row fusion-row fusion-flex-align-items-flex-start fusion-flex-content-wrap\" style=\"max-width:1144px;margin-left: calc(-4% \/ 2 );margin-right: calc(-4% \/ 2 );\"><div class=\"fusion-layout-column fusion_builder_column fusion-builder-column-0 fusion_builder_column_1_1 1_1 fusion-flex-column\" style=\"--awb-bg-size:cover;--awb-width-large:100%;--awb-margin-top-large:0px;--awb-spacing-right-large:1.92%;--awb-margin-bottom-large:0px;--awb-spacing-left-large:1.92%;--awb-width-medium:100%;--awb-spacing-right-medium:1.92%;--awb-spacing-left-medium:1.92%;--awb-width-small:100%;--awb-spacing-right-small:1.92%;--awb-spacing-left-small:1.92%;\"><div class=\"fusion-column-wrapper fusion-flex-justify-content-flex-start fusion-content-layout-column\"><div class=\"fusion-text fusion-text-1\" style=\"--awb-content-alignment:justify;\"><p><em><strong>El presidente de la Rep\u00fablica de Panam\u00e1, Jos\u00e9 Ra\u00fal Mulino, recibi\u00f3 este jueves en el Palacio de las Garzas, a una delegaci\u00f3n del Banco Interamericano de Desarrollo (BID), entidad de cr\u00e9dito la cual manifest\u00f3 su inter\u00e9s de promover de forma internacional a Panam\u00e1, como un \u201chub\u201d de inversiones y apoyar con financiamiento a las empresas del mundo que decidan invertir en nuestro pa\u00eds.<\/strong><\/em><\/p>\n<p><strong>Para este encuentro, encabez\u00f3 la delegaci\u00f3n, el presidente de Grupo BID, Ilan Goldfajn, quien adem\u00e1s exterioriz\u00f3, que apoyar\u00e1n la iniciativa de Panam\u00e1, de ser pa\u00eds miembro de la Organizaci\u00f3n para la Cooperaci\u00f3n y el Desarrollo Econ\u00f3mico (OCDE).<\/strong><\/p>\n<p><strong>Goldfajn, reconoci\u00f3 que el valor estrat\u00e9gico de Panam\u00e1 dentro del escenario global, se ha acrecentado en los \u00faltimos a\u00f1os. Por ello, el BID, har\u00e1 p\u00fablico su respaldo al ingreso de Panam\u00e1 a la OCDE, el 30 de junio de este a\u00f1o, cuando inicie en Sevilla, Espa\u00f1a, la 4\u00aa Conferencia Internacional de Naciones Unidas sobre Financiaci\u00f3n para el Desarrollo.<\/strong><\/p>\n<p><strong>Adicionalmente, el Gobierno Nacional, vio de forma positiva la oferta del BID de organizar un gran evento de promoci\u00f3n de Panam\u00e1, llamado tentativamente \u201cPanam\u00e1 Estrat\u00e9gica\u201d, en septiembre pr\u00f3ximo, en la ciudad de Nueva York, Estados Unidos, cuando comience la sesi\u00f3n ordinaria anual de Naciones Unidas.<\/strong><\/p>\n<p><strong>\u201cEse d\u00eda vamos a llamar a todas las empresas y bancos, y mostrarles c\u00f3mo Panam\u00e1, puede ser un \u2018hub\u2019 de inversiones en proyectos de agua, infraestructura, aeropuertos, puertos y turismo\u201d, anticip\u00f3 Goldfajn.<\/strong><\/p>\n<p><strong>\u00abEl BID, ser\u00eda facilitador para que Panam\u00e1 entre a la OCDE y en \u2018Panam\u00e1 Estrat\u00e9gica\u2019, convocaremos a inversionistas sobre oportunidades en Panam\u00e1\u201d, agreg\u00f3.<\/strong><\/p>\n<p><strong>Igualmente expres\u00f3, que ofrecer\u00e1n financiamiento a las empresas internacionales que apuesten por Panam\u00e1. Esto a trav\u00e9s de una l\u00ednea de 2 mil millones de d\u00f3lares del BID Invest, el banco de desarrollo de inversi\u00f3n del sector privado del BID para promover el desarrollo econ\u00f3mico de Am\u00e9rica Latina y el Caribe.<\/strong><\/p>\n<p><strong>\u201cCon esto se financian los proyectos, pero el sector p\u00fablico no se endeuda\u201d, aclar\u00f3 Goldfajn.<\/strong><\/p>\n<p><strong>Por su parte, el presidente Mulino, agradeci\u00f3 la confianza que el BID le tiene a Panam\u00e1 y a su potencial para crecer y desarrollarse. El mandatario, destac\u00f3 que, en el sector log\u00edstico y mar\u00edtimo hay potencialidades enormes que pueden atraer a\u00fan m\u00e1s inversi\u00f3n. Estos sectores, pueden generar gran cantidad de empleos bien remunerados, apunt\u00f3 Mulino.<\/strong><\/p>\n<p><strong>En tal sentido, record\u00f3 a la delegaci\u00f3n del BID, que su principal proyecto de infraestructura, el Tren Panam\u00e1-David-Frontera, cumple con las caracter\u00edsticas para atraer buenos inversores de todo el mundo.<\/strong><\/p>\n<p><strong>A la vez, est\u00e1 en el horizonte el proyecto de embalse del r\u00edo Indio, que a futuro asegurar\u00e1 agua potable para los ciudadanos y para las operaciones del Canal de Panam\u00e1.<\/strong><\/p>\n<p><strong>Para este encuentro, acompa\u00f1aron al presidente Mulino, sus ministros de Econom\u00eda y Finanzas, Felipe Chapman; de Comercio e Industrias, Julio Molt\u00f3; de Asuntos del Canal, Jos\u00e9 Ram\u00f3n Icaza; y el contralor general de la Rep\u00fablica, Anel Flores.<\/strong><\/p>\n<p><strong>Mientras que, la delegaci\u00f3n del BID, la completaron el jefe de la Oficina de la Presidencia, Andre Soares; la jefa de la Oficina de Regiones, Katia Bouazza; el gerente general de Pa\u00edses CID, Tom\u00e1s Berm\u00fadez; y Gloria Lugo, representante pa\u00eds para Panam\u00e1.<\/strong><\/p>\n<\/div><\/div><\/div><\/div><\/div>\n","protected":false},"excerpt":{"rendered":"","protected":false},"author":9,"featured_media":108748,"comment_status":"closed","ping_status":"closed","sticky":false,"template":"","format":"standard","meta":{"footnotes":""},"categories":[2],"tags":[],"class_list":["post-108747","post","type-post","status-publish","format-standard","has-post-thumbnail","hentry","category-nacionales"],"_links":{"self":[{"href":"https:\/\/sertv.gob.pa\/nacionalfm\/wp-json\/wp\/v2\/posts\/108747","targetHints":{"allow":["GET"]}}],"collection":[{"href":"https:\/\/sertv.gob.pa\/nacionalfm\/wp-json\/wp\/v2\/posts"}],"about":[{"href":"https:\/\/sertv.gob.pa\/nacionalfm\/wp-json\/wp\/v2\/types\/post"}],"author":[{"embeddable":true,"href":"https:\/\/sertv.gob.pa\/nacionalfm\/wp-json\/wp\/v2\/users\/9"}],"replies":[{"embeddable":true,"href":"https:\/\/sertv.gob.pa\/nacionalfm\/wp-json\/wp\/v2\/comments?post=108747"}],"version-history":[{"count":2,"href":"https:\/\/sertv.gob.pa\/nacionalfm\/wp-json\/wp\/v2\/posts\/108747\/revisions"}],"predecessor-version":[{"id":108750,"href":"https:\/\/sertv.gob.pa\/nacionalfm\/wp-json\/wp\/v2\/posts\/108747\/revisions\/108750"}],"wp:featuredmedia":[{"embeddable":true,"href":"https:\/\/sertv.gob.pa\/nacionalfm\/wp-json\/wp\/v2\/media\/108748"}],"wp:attachment":[{"href":"https:\/\/sertv.gob.pa\/nacionalfm\/wp-json\/wp\/v2\/media?parent=108747"}],"wp:term":[{"taxonomy":"category","embeddable":true,"href":"https:\/\/sertv.gob.pa\/nacionalfm\/wp-json\/wp\/v2\/categories?post=108747"},{"taxonomy":"post_tag","embeddable":true,"href":"https:\/\/sertv.gob.pa\/nacionalfm\/wp-json\/wp\/v2\/tags?post=108747"}],"curies":[{"name":"wp","href":"https:\/\/api.w.org\/{rel}","templated":true}]}}