{"id":108751,"date":"2025-06-06T09:15:20","date_gmt":"2025-06-06T14:15:20","guid":{"rendered":"https:\/\/sertv.gob.pa\/nacionalfm\/?p=108751"},"modified":"2025-06-06T09:15:20","modified_gmt":"2025-06-06T14:15:20","slug":"presidente-mulino-designa-a-armando-king-para-ejercer-como-director-encargado-del-spi","status":"publish","type":"post","link":"https:\/\/sertv.gob.pa\/nacionalfm\/presidente-mulino-designa-a-armando-king-para-ejercer-como-director-encargado-del-spi\/","title":{"rendered":"Presidente Mulino, designa a Armando King, para ejercer como director encargado del SPI"},"content":{"rendered":"<div class=\"fusion-fullwidth fullwidth-box fusion-builder-row-1 fusion-flex-container has-pattern-background has-mask-background nonhundred-percent-fullwidth non-hundred-percent-height-scrolling\" style=\"--awb-border-radius-top-left:0px;--awb-border-radius-top-right:0px;--awb-border-radius-bottom-right:0px;--awb-border-radius-bottom-left:0px;--awb-flex-wrap:wrap;\" ><div class=\"fusion-builder-row fusion-row fusion-flex-align-items-flex-start fusion-flex-content-wrap\" style=\"max-width:1144px;margin-left: calc(-4% \/ 2 );margin-right: calc(-4% \/ 2 );\"><div class=\"fusion-layout-column fusion_builder_column fusion-builder-column-0 fusion_builder_column_1_1 1_1 fusion-flex-column\" style=\"--awb-bg-size:cover;--awb-width-large:100%;--awb-margin-top-large:0px;--awb-spacing-right-large:1.92%;--awb-margin-bottom-large:20px;--awb-spacing-left-large:1.92%;--awb-width-medium:100%;--awb-order-medium:0;--awb-spacing-right-medium:1.92%;--awb-spacing-left-medium:1.92%;--awb-width-small:100%;--awb-order-small:0;--awb-spacing-right-small:1.92%;--awb-spacing-left-small:1.92%;\"><div class=\"fusion-column-wrapper fusion-column-has-shadow fusion-flex-justify-content-flex-start fusion-content-layout-column\"><div class=\"fusion-text fusion-text-1\" style=\"--awb-content-alignment:justify;\"><p><em><strong>El presidente de la Rep\u00fablica de Panam\u00e1, Jos\u00e9 Ra\u00fal Mulino, design\u00f3 este jueves, 5 de junio, al secretario general del Servicio de Protecci\u00f3n Institucional (SPI), Armando King, como director general encargado de esta entidad, en reemplazo de Oscar Beitia, quien desempe\u00f1aba esta posici\u00f3n desde octubre del a\u00f1o pasado.<\/strong><\/em><\/p>\n<p><strong>Cabe enfatizar, que la designaci\u00f3n de King, forma parte de un proceso de reorganizaci\u00f3n general del SPI. Con ello, se busca fortificar y asimismo, hacer m\u00e1s eficiente esta entidad de seguridad estatal.<\/strong><\/p>\n<p><strong>King, fue inspector general del Servicio Nacional Aeronaval (SENAN), donde tuvo como responsabilidad, velar por el cumplimiento del marco normativo institucional, a trav\u00e9s del control y la supervisi\u00f3n de las funciones de las distintas unidades administrativas, t\u00e9cnicas y operacionales.<\/strong><\/p>\n<\/div><\/div><\/div><\/div><\/div>\n","protected":false},"excerpt":{"rendered":"","protected":false},"author":9,"featured_media":108752,"comment_status":"closed","ping_status":"closed","sticky":false,"template":"","format":"standard","meta":{"footnotes":""},"categories":[2],"tags":[],"class_list":["post-108751","post","type-post","status-publish","format-standard","has-post-thumbnail","hentry","category-nacionales"],"_links":{"self":[{"href":"https:\/\/sertv.gob.pa\/nacionalfm\/wp-json\/wp\/v2\/posts\/108751","targetHints":{"allow":["GET"]}}],"collection":[{"href":"https:\/\/sertv.gob.pa\/nacionalfm\/wp-json\/wp\/v2\/posts"}],"about":[{"href":"https:\/\/sertv.gob.pa\/nacionalfm\/wp-json\/wp\/v2\/types\/post"}],"author":[{"embeddable":true,"href":"https:\/\/sertv.gob.pa\/nacionalfm\/wp-json\/wp\/v2\/users\/9"}],"replies":[{"embeddable":true,"href":"https:\/\/sertv.gob.pa\/nacionalfm\/wp-json\/wp\/v2\/comments?post=108751"}],"version-history":[{"count":2,"href":"https:\/\/sertv.gob.pa\/nacionalfm\/wp-json\/wp\/v2\/posts\/108751\/revisions"}],"predecessor-version":[{"id":108754,"href":"https:\/\/sertv.gob.pa\/nacionalfm\/wp-json\/wp\/v2\/posts\/108751\/revisions\/108754"}],"wp:featuredmedia":[{"embeddable":true,"href":"https:\/\/sertv.gob.pa\/nacionalfm\/wp-json\/wp\/v2\/media\/108752"}],"wp:attachment":[{"href":"https:\/\/sertv.gob.pa\/nacionalfm\/wp-json\/wp\/v2\/media?parent=108751"}],"wp:term":[{"taxonomy":"category","embeddable":true,"href":"https:\/\/sertv.gob.pa\/nacionalfm\/wp-json\/wp\/v2\/categories?post=108751"},{"taxonomy":"post_tag","embeddable":true,"href":"https:\/\/sertv.gob.pa\/nacionalfm\/wp-json\/wp\/v2\/tags?post=108751"}],"curies":[{"name":"wp","href":"https:\/\/api.w.org\/{rel}","templated":true}]}}