{"id":108759,"date":"2025-06-06T10:43:59","date_gmt":"2025-06-06T15:43:59","guid":{"rendered":"https:\/\/sertv.gob.pa\/nacionalfm\/?p=108759"},"modified":"2025-06-06T10:43:59","modified_gmt":"2025-06-06T15:43:59","slug":"meduca-elabora-manual-estrategias-para-la-recuperacion-de-los-aprendizajes-academicos-2025","status":"publish","type":"post","link":"https:\/\/sertv.gob.pa\/nacionalfm\/meduca-elabora-manual-estrategias-para-la-recuperacion-de-los-aprendizajes-academicos-2025\/","title":{"rendered":"MEDUCA elabora manual \u00abEstrategias para la Recuperaci\u00f3n de los Aprendizajes Acad\u00e9micos 2025\u00bb"},"content":{"rendered":"<p><em><strong>Comprometidas con la continuidad del proceso de ense\u00f1anza-aprendizaje, las autoridades del Ministerio de Educaci\u00f3n de Panam\u00e1 (MEDUCA), elaboraron el manual, \u00abEstrategias para la Recuperaci\u00f3n de los Aprendizajes Acad\u00e9micos 2025\u00bb. Esto es una gu\u00eda, la cual se adapta a todos los niveles, desde preescolar hasta media, as\u00ed como tambi\u00e9n, a la realidad de cada escuela de las 16 regiones educativas del pa\u00eds.<\/strong><\/em><\/p>\n<p><strong>Por otro lado, el contenido de este manual, que ya fue compartido con las Direcciones Regionales, la red de directores y el portal educativo del ministerio, podr\u00e1 servir de orientaci\u00f3n, para que los directores y docentes de cada escuela, puedan as\u00ed, adaptarlo a su contexto particular, con la intenci\u00f3n de dise\u00f1ar, planificar y evaluar el proceso educativo de forma efectiva y adecuada, de acuerdo con las necesidades de los alumnos.<\/strong><\/p>\n<p><strong>Al mismo tiempo, los maestros, profesores y padres de familia, podr\u00e1n apoyarse y brindar acompa\u00f1amiento a los estudiantes,por medio de las Gu\u00edas de Aprendizaje de las asignaturas b\u00e1sicas: espa\u00f1ol, matem\u00e1ticas, ciencias sociales y ciencias naturales, las cuales est\u00e1n a disposici\u00f3n en el sitio web del MEDUCA.<\/strong><\/p>\n<p><strong>Cabe resaltar, que este plan de recuperaci\u00f3n de los aprendizajes acad\u00e9micos, es una presentaci\u00f3n sugerida por MEDUCA, bajo la elaboraci\u00f3n y organizaci\u00f3n del Viceministerio Acad\u00e9mico, conjuntamente con las Direcciones de Educaci\u00f3n Inicial, Educaci\u00f3n Especial, Educaci\u00f3n B\u00e1sica General, Media Acad\u00e9mica, Media Profesional y T\u00e9cnica, J\u00f3venes y Adultos, y Evaluaci\u00f3n Educativa.<\/strong><\/p>\n","protected":false},"excerpt":{"rendered":"<p>Comprometidas con la continuidad del proceso de ense\u00f1anza-aprendizaje, las autoridades <a href=\"https:\/\/sertv.gob.pa\/nacionalfm\/meduca-elabora-manual-estrategias-para-la-recuperacion-de-los-aprendizajes-academicos-2025\/\"> [&#8230;]<\/a><\/p>\n","protected":false},"author":9,"featured_media":108760,"comment_status":"closed","ping_status":"closed","sticky":false,"template":"","format":"standard","meta":{"footnotes":""},"categories":[2],"tags":[],"class_list":["post-108759","post","type-post","status-publish","format-standard","has-post-thumbnail","hentry","category-nacionales"],"_links":{"self":[{"href":"https:\/\/sertv.gob.pa\/nacionalfm\/wp-json\/wp\/v2\/posts\/108759","targetHints":{"allow":["GET"]}}],"collection":[{"href":"https:\/\/sertv.gob.pa\/nacionalfm\/wp-json\/wp\/v2\/posts"}],"about":[{"href":"https:\/\/sertv.gob.pa\/nacionalfm\/wp-json\/wp\/v2\/types\/post"}],"author":[{"embeddable":true,"href":"https:\/\/sertv.gob.pa\/nacionalfm\/wp-json\/wp\/v2\/users\/9"}],"replies":[{"embeddable":true,"href":"https:\/\/sertv.gob.pa\/nacionalfm\/wp-json\/wp\/v2\/comments?post=108759"}],"version-history":[{"count":2,"href":"https:\/\/sertv.gob.pa\/nacionalfm\/wp-json\/wp\/v2\/posts\/108759\/revisions"}],"predecessor-version":[{"id":108762,"href":"https:\/\/sertv.gob.pa\/nacionalfm\/wp-json\/wp\/v2\/posts\/108759\/revisions\/108762"}],"wp:featuredmedia":[{"embeddable":true,"href":"https:\/\/sertv.gob.pa\/nacionalfm\/wp-json\/wp\/v2\/media\/108760"}],"wp:attachment":[{"href":"https:\/\/sertv.gob.pa\/nacionalfm\/wp-json\/wp\/v2\/media?parent=108759"}],"wp:term":[{"taxonomy":"category","embeddable":true,"href":"https:\/\/sertv.gob.pa\/nacionalfm\/wp-json\/wp\/v2\/categories?post=108759"},{"taxonomy":"post_tag","embeddable":true,"href":"https:\/\/sertv.gob.pa\/nacionalfm\/wp-json\/wp\/v2\/tags?post=108759"}],"curies":[{"name":"wp","href":"https:\/\/api.w.org\/{rel}","templated":true}]}}