{"id":108763,"date":"2025-06-06T11:25:25","date_gmt":"2025-06-06T16:25:25","guid":{"rendered":"https:\/\/sertv.gob.pa\/nacionalfm\/?p=108763"},"modified":"2025-06-06T11:25:25","modified_gmt":"2025-06-06T16:25:25","slug":"minsa-ratifica-traslado-de-clinica-tarv-en-david-chiriqui","status":"publish","type":"post","link":"https:\/\/sertv.gob.pa\/nacionalfm\/minsa-ratifica-traslado-de-clinica-tarv-en-david-chiriqui\/","title":{"rendered":"MINSA ratifica traslado de cl\u00ednica TARV en David, Chiriqu\u00ed"},"content":{"rendered":"<p><em><strong>La jefa regional de Provisi\u00f3n de Servicios del Ministerio de Salud en la provincia de Chiriqu\u00ed, Karina Granados, ratific\u00f3 que se dar\u00e1 pr\u00f3ximamente, el traslado de la Cl\u00ednica de Terapia Antirretroviral (TARV), hacia las instalaciones del antiguo albergue de pacientes COVID, ubicado en el barrio San Mateo, distrito de David.<\/strong><\/em><\/p>\n<p><strong>Recientemente, y en compa\u00f1\u00eda de profesionales involucrados en la atenci\u00f3n integral que ofrece el MINSA a personas portadoras del Virus de Inmunodeficiencia Adquirida (VIH), la Dra. Granados, hizo un recorrido por las instalaciones, para de esta manera, evaluar la distribuci\u00f3n de los espacios f\u00edsicos, que ocupar\u00eda la cl\u00ednica TARV.<\/strong><\/p>\n<p><strong>Cabe mencionar, que al antiguo albergue destinado a pacientes con COVID, tambi\u00e9n est\u00e1 contemplado trasladar algunos servicios que actualmente oferta el Centro de Salud de San Mateo, que ante la creciente cobertura de poblaci\u00f3n responsable, demanda mayor espacio f\u00edsico, seg\u00fan dio a conocer, Granados.<\/strong><\/p>\n<p><strong>Al presente, cerca de 980 pacientes VIH, reciben gratuitamente servicios de medicina interna, laboratorio cl\u00ednico, psicolog\u00eda, farmacia, trabajo social y enfermer\u00eda especializada en epidemiolog\u00eda.<\/strong><\/p>\n<p><strong>El Dr. H\u00e9ctor Garc\u00eda, representante de la Asociaci\u00f3n Panamericana de Mercadeo Social (PASMO), advirti\u00f3 sobre la necesidad de reforzar la salud sexual, principalmente entre la poblaci\u00f3n Ng\u00e4be Bugl\u00e9, puesto que, m\u00e1s del 50% de los casos detectados en Chiriqu\u00ed, corresponden a miembros de esta etnia.<\/strong><\/p>\n<p><strong>A\u00f1adi\u00f3 tambi\u00e9n Garc\u00eda, que se debe reforzar la salud preventiva, espec\u00edficamente la educaci\u00f3n sexual, mediante todas las herramientas disponibles.<\/strong><\/p>\n<p><strong>Adem\u00e1s advirti\u00f3, que el consumo de alcohol, incide en el comportamiento de las personas que muchas veces no recuerdan con quienes mantuvieron relaciones.<\/strong><\/p>\n","protected":false},"excerpt":{"rendered":"<p>La jefa regional de Provisi\u00f3n de Servicios del Ministerio de <a href=\"https:\/\/sertv.gob.pa\/nacionalfm\/minsa-ratifica-traslado-de-clinica-tarv-en-david-chiriqui\/\"> [&#8230;]<\/a><\/p>\n","protected":false},"author":9,"featured_media":108764,"comment_status":"closed","ping_status":"closed","sticky":false,"template":"","format":"standard","meta":{"footnotes":""},"categories":[5],"tags":[],"class_list":["post-108763","post","type-post","status-publish","format-standard","has-post-thumbnail","hentry","category-salud"],"_links":{"self":[{"href":"https:\/\/sertv.gob.pa\/nacionalfm\/wp-json\/wp\/v2\/posts\/108763","targetHints":{"allow":["GET"]}}],"collection":[{"href":"https:\/\/sertv.gob.pa\/nacionalfm\/wp-json\/wp\/v2\/posts"}],"about":[{"href":"https:\/\/sertv.gob.pa\/nacionalfm\/wp-json\/wp\/v2\/types\/post"}],"author":[{"embeddable":true,"href":"https:\/\/sertv.gob.pa\/nacionalfm\/wp-json\/wp\/v2\/users\/9"}],"replies":[{"embeddable":true,"href":"https:\/\/sertv.gob.pa\/nacionalfm\/wp-json\/wp\/v2\/comments?post=108763"}],"version-history":[{"count":1,"href":"https:\/\/sertv.gob.pa\/nacionalfm\/wp-json\/wp\/v2\/posts\/108763\/revisions"}],"predecessor-version":[{"id":108765,"href":"https:\/\/sertv.gob.pa\/nacionalfm\/wp-json\/wp\/v2\/posts\/108763\/revisions\/108765"}],"wp:featuredmedia":[{"embeddable":true,"href":"https:\/\/sertv.gob.pa\/nacionalfm\/wp-json\/wp\/v2\/media\/108764"}],"wp:attachment":[{"href":"https:\/\/sertv.gob.pa\/nacionalfm\/wp-json\/wp\/v2\/media?parent=108763"}],"wp:term":[{"taxonomy":"category","embeddable":true,"href":"https:\/\/sertv.gob.pa\/nacionalfm\/wp-json\/wp\/v2\/categories?post=108763"},{"taxonomy":"post_tag","embeddable":true,"href":"https:\/\/sertv.gob.pa\/nacionalfm\/wp-json\/wp\/v2\/tags?post=108763"}],"curies":[{"name":"wp","href":"https:\/\/api.w.org\/{rel}","templated":true}]}}