{"id":108766,"date":"2025-06-06T13:24:58","date_gmt":"2025-06-06T18:24:58","guid":{"rendered":"https:\/\/sertv.gob.pa\/nacionalfm\/?p=108766"},"modified":"2025-06-06T13:24:58","modified_gmt":"2025-06-06T18:24:58","slug":"se-han-aplicado-mas-de-35000-dosis-de-vacunas-contra-la-influenza-en-el-distrito-de-san-miguelito","status":"publish","type":"post","link":"https:\/\/sertv.gob.pa\/nacionalfm\/se-han-aplicado-mas-de-35000-dosis-de-vacunas-contra-la-influenza-en-el-distrito-de-san-miguelito\/","title":{"rendered":"Se han aplicado m\u00e1s de 35,000 dosis de vacunas contra la Influenza, en el distrito de San Miguelito"},"content":{"rendered":"<p><em><strong>Personal de la Regi\u00f3n de Salud en San Miguelito, dieron a conocer, que hasta la fecha, se han aplicado m\u00e1s de 35,000 dosis de la vacuna contra la influenza, esto como parte de la campa\u00f1a nacional de vacunaci\u00f3n 2025.<\/strong><\/em><\/p>\n<p><strong>Dicha estrategia, tiene como intenci\u00f3n primordial, proteger a la poblaci\u00f3n m\u00e1s vulnerable ante los efectos de la influenza, principalmente, durante la temporada lluviosa, en donde aumentan los casos de enfermedades respiratorias. Los grupos prioritarios, incluyen ni\u00f1os menores de 5 a\u00f1os, adultos mayores, embarazadas, personas con enfermedades cr\u00f3nicas y trabajadores del sector salud.<\/strong><\/p>\n<p><strong>Sobre el particular, la directora regional de Salud, Yaviletsy Centella, reiter\u00f3 la importancia de continuar con esta jornada de vacunaci\u00f3n. Vacunarse contra la influenza es un acto de responsabilidad individual y colectiva.<\/strong><\/p>\n<p><strong>\u00abNos protege no solo a nosotros, sino tambi\u00e9n a nuestros seres queridos y a la comunidad en general\u00bb, enfatiz\u00f3 la Dra. Centella.<\/strong><\/p>\n<p><em><strong>Es por ello, que el Ministerio de Salud de Panam\u00e1, recomienda a la poblaci\u00f3n: Acudir a los centros de salud m\u00e1s cercanos, para recibir la vacuna gratuita, No esperar a presentar s\u00edntomas para vacunarse, Mantener medidas de prevenci\u00f3n como el lavado frecuente de manos y el uso de mascarilla en caso de s\u00edntomas respiratorios.<\/strong><\/em><\/p>\n<p><strong>Es importante, recordar que, las autoridades de salud, hacen un llamado a todos los residentes del distrito a participar activamente en la campa\u00f1a, recordando que la vacuna es segura, efectiva y es la mejor herramienta para prevenir complicaciones asociadas a la influenza.<\/strong><\/p>\n<p><strong><em>La jornada de vacunaci\u00f3n, contin\u00faa en centros de salud, policl\u00ednicas, de lunes a viernes, desde las 7:00 de la ma\u00f1ana a 3:00 de la tarde y los fines de semana s\u00e1bado, en puestos fijos en horarios accesibles para todos los ciudadanos<\/em>.<\/strong><\/p>\n<p><strong>Con estas acciones, la Regi\u00f3n de Salud en San Miguelito, reafirma su compromiso con la prevenci\u00f3n, promoci\u00f3n de la salud y protecci\u00f3n de la vida.<\/strong><\/p>\n<p>&nbsp;<\/p>\n","protected":false},"excerpt":{"rendered":"<p>Personal de la Regi\u00f3n de Salud en San Miguelito, dieron <a href=\"https:\/\/sertv.gob.pa\/nacionalfm\/se-han-aplicado-mas-de-35000-dosis-de-vacunas-contra-la-influenza-en-el-distrito-de-san-miguelito\/\"> [&#8230;]<\/a><\/p>\n","protected":false},"author":9,"featured_media":108767,"comment_status":"closed","ping_status":"closed","sticky":false,"template":"","format":"standard","meta":{"footnotes":""},"categories":[5],"tags":[],"class_list":["post-108766","post","type-post","status-publish","format-standard","has-post-thumbnail","hentry","category-salud"],"_links":{"self":[{"href":"https:\/\/sertv.gob.pa\/nacionalfm\/wp-json\/wp\/v2\/posts\/108766","targetHints":{"allow":["GET"]}}],"collection":[{"href":"https:\/\/sertv.gob.pa\/nacionalfm\/wp-json\/wp\/v2\/posts"}],"about":[{"href":"https:\/\/sertv.gob.pa\/nacionalfm\/wp-json\/wp\/v2\/types\/post"}],"author":[{"embeddable":true,"href":"https:\/\/sertv.gob.pa\/nacionalfm\/wp-json\/wp\/v2\/users\/9"}],"replies":[{"embeddable":true,"href":"https:\/\/sertv.gob.pa\/nacionalfm\/wp-json\/wp\/v2\/comments?post=108766"}],"version-history":[{"count":1,"href":"https:\/\/sertv.gob.pa\/nacionalfm\/wp-json\/wp\/v2\/posts\/108766\/revisions"}],"predecessor-version":[{"id":108768,"href":"https:\/\/sertv.gob.pa\/nacionalfm\/wp-json\/wp\/v2\/posts\/108766\/revisions\/108768"}],"wp:featuredmedia":[{"embeddable":true,"href":"https:\/\/sertv.gob.pa\/nacionalfm\/wp-json\/wp\/v2\/media\/108767"}],"wp:attachment":[{"href":"https:\/\/sertv.gob.pa\/nacionalfm\/wp-json\/wp\/v2\/media?parent=108766"}],"wp:term":[{"taxonomy":"category","embeddable":true,"href":"https:\/\/sertv.gob.pa\/nacionalfm\/wp-json\/wp\/v2\/categories?post=108766"},{"taxonomy":"post_tag","embeddable":true,"href":"https:\/\/sertv.gob.pa\/nacionalfm\/wp-json\/wp\/v2\/tags?post=108766"}],"curies":[{"name":"wp","href":"https:\/\/api.w.org\/{rel}","templated":true}]}}