{"id":108772,"date":"2025-06-06T13:59:27","date_gmt":"2025-06-06T18:59:27","guid":{"rendered":"https:\/\/sertv.gob.pa\/nacionalfm\/?p=108772"},"modified":"2025-06-06T13:59:27","modified_gmt":"2025-06-06T18:59:27","slug":"consejo-municipal-de-panama-aumenta-las-sanciones-para-los-llamados-bien-cuidado-seran-conducidos-si-cobran-por-ese-servicio","status":"publish","type":"post","link":"https:\/\/sertv.gob.pa\/nacionalfm\/consejo-municipal-de-panama-aumenta-las-sanciones-para-los-llamados-bien-cuidado-seran-conducidos-si-cobran-por-ese-servicio\/","title":{"rendered":"Consejo Municipal de Panam\u00e1, aumenta las sanciones para los llamados \u201cbien cuidado\u201d, ser\u00e1n conducidos si cobran por ese servicio"},"content":{"rendered":"<p><strong>El Consejo Municipal de Panam\u00e1, aument\u00f3 las sanciones para los llamados \u201cbien cuidados\u201d, a partir de la fecha, \u201cquien sea sorprendido ejerciendo la actividad, ser\u00e1 conducido por cualquier estamento de seguridad p\u00fablica o la Polic\u00eda Municipal de Panam\u00e1, ante Juez de Paz para ser procesado.<\/strong><\/p>\n<p><strong>Esta iniciativa, se\u00f1ala que, est\u00e1 prohibido exigir u obligar al pago o retribuci\u00f3n por el servicio de vigilancia callejero, as\u00ed como obstaculizar la v\u00eda p\u00fablica o parte de ella, ubicando cualquier objeto que impida la libre circulaci\u00f3n o aparcamiento en zonas o lugares permitidos.<\/strong><\/p>\n<p><strong>Se establece adem\u00e1s, que quienes ejerzan la actividad de \u201cbien cuidado\u201d en el Distrito de Panam\u00e1, ser\u00e1n sancionado con multa de trescientos balboas (B\/.300.00) a mil balboas (B\/.1,000.00) o de quince (15) a noventa (90) d\u00edas de trabajo comunitario. En caso de reincidencia se aumentar\u00e1 la pena de una tercera parte hasta la mitad.<\/strong><\/p>\n<p><strong>Para hacer cumplir el acuerdo No. 114, las autoridades realizar\u00e1n operativos sorpresa a fin de sacar de circulaci\u00f3n a quienes se dediquen a la actividad.<\/strong><\/p>\n<p><strong>Seg\u00fan estad\u00edsticas de incidencias tramitadas por Casas de Justicia Comunitaria de Paz del Distrito de Panam\u00e1, por hechos relacionados con el ejercicio de la actividad denominada \u201cbien cuidado\u201d demuestra un aumento en la cantidad de personas sorprendidas y conducidas por tal conducta, lo que permite concluir que las actuales sanciones carecen de efecto disuasivo suficiente, haciendo indispensable reforzarlas a fin de garantizar el orden p\u00fablico dentro de la jurisdicci\u00f3n municipal capitalina.<\/strong><\/p>\n","protected":false},"excerpt":{"rendered":"<p>El Consejo Municipal de Panam\u00e1, aument\u00f3 las sanciones para los <a href=\"https:\/\/sertv.gob.pa\/nacionalfm\/consejo-municipal-de-panama-aumenta-las-sanciones-para-los-llamados-bien-cuidado-seran-conducidos-si-cobran-por-ese-servicio\/\"> [&#8230;]<\/a><\/p>\n","protected":false},"author":9,"featured_media":108773,"comment_status":"closed","ping_status":"closed","sticky":false,"template":"","format":"standard","meta":{"footnotes":""},"categories":[2],"tags":[],"class_list":["post-108772","post","type-post","status-publish","format-standard","has-post-thumbnail","hentry","category-nacionales"],"_links":{"self":[{"href":"https:\/\/sertv.gob.pa\/nacionalfm\/wp-json\/wp\/v2\/posts\/108772","targetHints":{"allow":["GET"]}}],"collection":[{"href":"https:\/\/sertv.gob.pa\/nacionalfm\/wp-json\/wp\/v2\/posts"}],"about":[{"href":"https:\/\/sertv.gob.pa\/nacionalfm\/wp-json\/wp\/v2\/types\/post"}],"author":[{"embeddable":true,"href":"https:\/\/sertv.gob.pa\/nacionalfm\/wp-json\/wp\/v2\/users\/9"}],"replies":[{"embeddable":true,"href":"https:\/\/sertv.gob.pa\/nacionalfm\/wp-json\/wp\/v2\/comments?post=108772"}],"version-history":[{"count":1,"href":"https:\/\/sertv.gob.pa\/nacionalfm\/wp-json\/wp\/v2\/posts\/108772\/revisions"}],"predecessor-version":[{"id":108774,"href":"https:\/\/sertv.gob.pa\/nacionalfm\/wp-json\/wp\/v2\/posts\/108772\/revisions\/108774"}],"wp:featuredmedia":[{"embeddable":true,"href":"https:\/\/sertv.gob.pa\/nacionalfm\/wp-json\/wp\/v2\/media\/108773"}],"wp:attachment":[{"href":"https:\/\/sertv.gob.pa\/nacionalfm\/wp-json\/wp\/v2\/media?parent=108772"}],"wp:term":[{"taxonomy":"category","embeddable":true,"href":"https:\/\/sertv.gob.pa\/nacionalfm\/wp-json\/wp\/v2\/categories?post=108772"},{"taxonomy":"post_tag","embeddable":true,"href":"https:\/\/sertv.gob.pa\/nacionalfm\/wp-json\/wp\/v2\/tags?post=108772"}],"curies":[{"name":"wp","href":"https:\/\/api.w.org\/{rel}","templated":true}]}}