{"id":108778,"date":"2025-06-06T14:28:21","date_gmt":"2025-06-06T19:28:21","guid":{"rendered":"https:\/\/sertv.gob.pa\/nacionalfm\/?p=108778"},"modified":"2025-06-06T14:28:21","modified_gmt":"2025-06-06T19:28:21","slug":"iglesia-catolica-acepta-mediar-para-poner-fin-al-conflicto-en-bocas-del-toro","status":"publish","type":"post","link":"https:\/\/sertv.gob.pa\/nacionalfm\/iglesia-catolica-acepta-mediar-para-poner-fin-al-conflicto-en-bocas-del-toro\/","title":{"rendered":"Iglesia Cat\u00f3lica acepta mediar para poner fin al conflicto en Bocas del Toro"},"content":{"rendered":"<p><strong>-Tras reuni\u00f3n con el presidente Mulino-<\/strong><\/p>\n<p><strong>El arzobispo de Panam\u00e1, Jos\u00e9 Domingo Ulloa, se reuni\u00f3 con el presidente de la Rep\u00fablica de Panam\u00e1, Jos\u00e9 Ra\u00fal Mulino, y acept\u00f3 ser puente para facilitar un acuerdo que permita poner fin al conflicto de Bocas del Toro que ha ocasionado la p\u00e9rdida de miles de plazas de trabajo y mantiene paralizadas todas las actividades econ\u00f3micas en esta provincia.<\/strong><\/p>\n<p><strong>\u201cHemos aceptado la disponibilidad de ser puente para hallar una soluci\u00f3n a este problema\u201d, dijo Ulloa, quien participar\u00e1 de la mediaci\u00f3n como presidente de la Conferencia Episcopal Paname\u00f1a, acompa\u00f1ado en esta tarea por el rabino Gustavo Kraselnik, como presidente del Comit\u00e9 Interreligioso.<\/strong><\/p>\n<p><strong>Durante el encuentro, el presidente Mulino, inform\u00f3 a Ulloa de todos los esfuerzos que ha hecho su gobierno para llegar a un acuerdo con la dirigencia del sindicato de la empresa Chiquita Panam\u00e1, Sitraibana, representada por Francisco Smith.<\/strong><\/p>\n<p><strong>Mulino, tambi\u00e9n comunic\u00f3, que su gobierno sigue abierto a las conversaciones con los trabajadores agremiados en este sindicato, y le entreg\u00f3 a monse\u00f1or Ulloa, una carta con su firma en la que se compromete a presentar una ley sobre el r\u00e9gimen laboral de los trabajadores de las bananeras, tal como estaba en la antigua Ley 45, la cual podr\u00eda aprobarse en este periodo de sesiones extraordinarias que cumple la Asamblea Nacional.<\/strong><\/p>\n<p><strong>Esta propuesta, es a cambio de que el sindicato levante los puntos de cierres que mantienen afectado al resto de las actividades econ\u00f3micas de Bocas del Toro, principalmente, en la industria de turismo y comercio; la producci\u00f3n de cacao, de pl\u00e1tano; las bananeras independientes y otras actividades.<\/strong><\/p>\n<p><strong>Tras este encuentro en la Presidencia de la Rep\u00fablica, en el que tambi\u00e9n participaron los ministros Jackeline Mu\u00f1oz (Trabajo), Fernando Boyd (Salud) y Julio Molt\u00f3 (Comercio), Ulloa, se comunic\u00f3 con representantes del Sitraibana para coordinar una reuni\u00f3n el pr\u00f3ximo martes.<\/strong><\/p>\n","protected":false},"excerpt":{"rendered":"<p>-Tras reuni\u00f3n con el presidente Mulino- El arzobispo de Panam\u00e1, <a href=\"https:\/\/sertv.gob.pa\/nacionalfm\/iglesia-catolica-acepta-mediar-para-poner-fin-al-conflicto-en-bocas-del-toro\/\"> [&#8230;]<\/a><\/p>\n","protected":false},"author":9,"featured_media":102813,"comment_status":"closed","ping_status":"closed","sticky":false,"template":"","format":"standard","meta":{"footnotes":""},"categories":[2],"tags":[],"class_list":["post-108778","post","type-post","status-publish","format-standard","has-post-thumbnail","hentry","category-nacionales"],"_links":{"self":[{"href":"https:\/\/sertv.gob.pa\/nacionalfm\/wp-json\/wp\/v2\/posts\/108778","targetHints":{"allow":["GET"]}}],"collection":[{"href":"https:\/\/sertv.gob.pa\/nacionalfm\/wp-json\/wp\/v2\/posts"}],"about":[{"href":"https:\/\/sertv.gob.pa\/nacionalfm\/wp-json\/wp\/v2\/types\/post"}],"author":[{"embeddable":true,"href":"https:\/\/sertv.gob.pa\/nacionalfm\/wp-json\/wp\/v2\/users\/9"}],"replies":[{"embeddable":true,"href":"https:\/\/sertv.gob.pa\/nacionalfm\/wp-json\/wp\/v2\/comments?post=108778"}],"version-history":[{"count":2,"href":"https:\/\/sertv.gob.pa\/nacionalfm\/wp-json\/wp\/v2\/posts\/108778\/revisions"}],"predecessor-version":[{"id":108780,"href":"https:\/\/sertv.gob.pa\/nacionalfm\/wp-json\/wp\/v2\/posts\/108778\/revisions\/108780"}],"wp:featuredmedia":[{"embeddable":true,"href":"https:\/\/sertv.gob.pa\/nacionalfm\/wp-json\/wp\/v2\/media\/102813"}],"wp:attachment":[{"href":"https:\/\/sertv.gob.pa\/nacionalfm\/wp-json\/wp\/v2\/media?parent=108778"}],"wp:term":[{"taxonomy":"category","embeddable":true,"href":"https:\/\/sertv.gob.pa\/nacionalfm\/wp-json\/wp\/v2\/categories?post=108778"},{"taxonomy":"post_tag","embeddable":true,"href":"https:\/\/sertv.gob.pa\/nacionalfm\/wp-json\/wp\/v2\/tags?post=108778"}],"curies":[{"name":"wp","href":"https:\/\/api.w.org\/{rel}","templated":true}]}}