{"id":108781,"date":"2025-06-09T08:41:47","date_gmt":"2025-06-09T13:41:47","guid":{"rendered":"https:\/\/sertv.gob.pa\/nacionalfm\/?p=108781"},"modified":"2025-06-09T08:42:24","modified_gmt":"2025-06-09T13:42:24","slug":"presidente-mulino-anuncio-el-desembolso-de-b-122-millones-del-programa-de-becas-del-ifarhu-para-este-lunes-9-de-junio","status":"publish","type":"post","link":"https:\/\/sertv.gob.pa\/nacionalfm\/presidente-mulino-anuncio-el-desembolso-de-b-122-millones-del-programa-de-becas-del-ifarhu-para-este-lunes-9-de-junio\/","title":{"rendered":"Presidente Mulino anunci\u00f3 el desembolso de B\/.122 millones del programa de becas del IFARHU, para este lunes 9 de junio"},"content":{"rendered":"<div class=\"fusion-fullwidth fullwidth-box fusion-builder-row-1 fusion-flex-container has-pattern-background has-mask-background nonhundred-percent-fullwidth non-hundred-percent-height-scrolling\" style=\"--awb-border-radius-top-left:0px;--awb-border-radius-top-right:0px;--awb-border-radius-bottom-right:0px;--awb-border-radius-bottom-left:0px;--awb-flex-wrap:wrap;\" ><div class=\"fusion-builder-row fusion-row fusion-flex-align-items-flex-start fusion-flex-content-wrap\" style=\"max-width:1144px;margin-left: calc(-4% \/ 2 );margin-right: calc(-4% \/ 2 );\"><div class=\"fusion-layout-column fusion_builder_column fusion-builder-column-0 fusion_builder_column_1_1 1_1 fusion-flex-column\" style=\"--awb-bg-size:cover;--awb-width-large:100%;--awb-margin-top-large:0px;--awb-spacing-right-large:1.92%;--awb-margin-bottom-large:20px;--awb-spacing-left-large:1.92%;--awb-width-medium:100%;--awb-order-medium:0;--awb-spacing-right-medium:1.92%;--awb-spacing-left-medium:1.92%;--awb-width-small:100%;--awb-order-small:0;--awb-spacing-right-small:1.92%;--awb-spacing-left-small:1.92%;\"><div class=\"fusion-column-wrapper fusion-column-has-shadow fusion-flex-justify-content-flex-start fusion-content-layout-column\"><div class=\"fusion-text fusion-text-1\" style=\"--awb-content-alignment:justify;\"><p><em><strong>Presidente Mulino anuncia desembolso de B\/.122 millones del programa de becas del IFARHU<\/strong><\/em><\/p>\n<p>Durante la conferencia de prensa semanal, que se llev\u00f3 a cabo el viernes, 6 de junio de 2025, en el Anfiteatro del Palacio de las Garzas, el presidente de la Rep\u00fablica de Panam\u00e1, Jos\u00e9 Ra\u00fal Mulino, anunci\u00f3 el desembolso de B\/.122 millones para cumplir con el pago del Pase-U, as\u00ed como las becas nuevas y vigentes, a 900 mil estudiantes a nivel nacional. Estos pagos, se realizar\u00e1n a trav\u00e9s de cheques y el sistema ACH.<\/p>\n<p>En esta conferencia, el presidente, explic\u00f3 que, con este desembolso, se cancela el \u00faltimo pago de becas y asistencias econ\u00f3micas pendientes del a\u00f1o 2024 para todos los estudiantes de primaria, premedia y media, e incluye a los estudiantes universitarios.<\/p>\n<p>\u201cLos pagos realizados por el IFARHU este mes, significan B\/.122 millones de erogaciones del Tesoro que, sumados a lo pagado en abril, el Gobierno Nacional, ha desembolsado B\/.214 millones para ponerse al d\u00eda con los estudiantes. No es poca cosa, estamos cumpliendo y haciendo frente a nuestras obligaciones con fuerza y transparencia. La promesa de honrar los compromisos pendientes por la pesada herencia recibida se est\u00e1 cumpliendo con el esfuerzo de todos\u201d, destac\u00f3 el mandatario.<\/p>\n<p><em><strong>Entidades gubernamentales toman acciones ante contaminaci\u00f3n de r\u00edos en Azuero<\/strong><\/em><\/p>\n<p>Por otro lado, el presidente Mulino, destac\u00f3 la tarea que afrontan los funcionarios de los ministerios de Ambiente (MiAMBIENTE) y de Desarrollo Agropecuario (MIDA), ante la contaminaci\u00f3n de importantes r\u00edos en la pen\u00ednsula de Azuero, de los cuales dependen las potabilizadoras de agua del IDAAN, para abastecer a la poblaci\u00f3n en esta regi\u00f3n del pa\u00eds.<\/p>\n<p>En ese aspecto, inform\u00f3 que, luego de un trabajo coordinado por ambas entidades, se ha procedido a imponer \u201cfuertes medidas y multas\u201d a los responsables de la contaminaci\u00f3n de los r\u00edos La Villa y Estiban\u00e1. Precis\u00f3 que, la contaminaci\u00f3n detectada \u201cno comenz\u00f3 con el \u00faltimo aguacero, es un problema que se arrastra desde hace d\u00e9cadas, por parte de empresas que no respetan las normas y funcionarios que miraban hacia otro lado. Eso se termin\u00f3 de manera concreta entre el 27 de mayo y el 6 de junio de este a\u00f1o\u201d, apunt\u00f3.<\/p>\n<p>MiAmbiente, realiz\u00f3 un operativo t\u00e9cnico de inspecci\u00f3n en la cuenca del r\u00edo La Villa, incluyendo un recorrido en cauce de 20 kil\u00f3metros de dicho afluente y 19 kil\u00f3metros del r\u00edo Estiban\u00e1. Se identificaron 23 puntos cr\u00edticos de contaminaci\u00f3n, de los cuales 11 ya cuentan con procesos administrativos en curso. Tambi\u00e9n se document\u00f3 la operaci\u00f3n de granjas porcinas con lagunas de oxidaci\u00f3n saturadas y sin impermeabilizaci\u00f3n, que ha permitido el vertido de excrementos y residuos l\u00edquidos sin tratamiento a las aguas de estos dos r\u00edos. \u201cEso es criminal, honestamente\u201d, remarc\u00f3 el presidente.<\/p>\n<p>Ante este hallazgo, MiAMBIENTE, radic\u00f3 una denuncia penal por delito ambiental en la Fiscal\u00eda Superior de Ambiente y se est\u00e1 imponiendo multas de hasta B\/.10 mil. Adem\u00e1s, mantiene una fiscalizaci\u00f3n continua en las zonas de mayor riesgo.<\/p>\n<p>Inform\u00f3 tambi\u00e9n, que ese viernes, se hab\u00eda programado una inspecci\u00f3n a seis fincas, mientras que, el remanente de las 11 mencionadas y las que se encuentren adicionales, ser\u00eda cubierto el fin de semana.<\/p>\n<p>\u201cLa orden, es cerrar esas fincas temporalmente. No podemos seguir contaminando las aguas de esos dos r\u00edos en detrimento de la salud de toda la pen\u00ednsula de Azuero y sus habitantes. Ser\u00e1n cerradas todas las porquerizas, hasta que se realicen las adecuaciones necesarias para evitar la contaminaci\u00f3n. Lo lamento, pero eso, se tiene que terminar de una buena vez; no podemos, a costa de la salud del pueblo, irresponsablemente producir, porque de eso no se trata la cosa\u201d, expres\u00f3.<\/p>\n<p>En esta misma l\u00ednea, el mandatario, mencion\u00f3 que, debido a las fuertes lluvias, las autoridades gubernamentales, hab\u00edan tomado medidas preventivas en la planta potabilizadora Roberto Reina, en Chitr\u00e9, provincia de Herrera, donde se redujo la producci\u00f3n de agua potable, pasando del 75% \u2014en que ya estaba\u2014 al 50% de su capacidad. Esto debido al incremento de los niveles de turbidez en el agua cruda del r\u00edo La Villa.<\/p>\n<p>En cuanto a la potabilizadora, Rufina Alfaro, esta sigue operando al 75% de su capacidad. Esta agua es potable, por lo menos tenemos ah\u00ed m\u00e1s tranquilidad. Sin embargo, se suspendi\u00f3 la operaci\u00f3n de las plantas potabilizadoras de Macaracas y Llano de Piedra, en la provincia de Los Santos, por el incremento en la concentraci\u00f3n de microorganismos (gusanos) en el r\u00edo Estiban\u00e1, que es la fuente de captaci\u00f3n de agua de ambas instalaciones.<\/p>\n<p>\u201cEn estos momentos, 17,500 habitantes no tienen agua en la ciudad de Chitr\u00e9 y 5 mil en Macaracas y Llano de Piedra. Entendemos las complicaciones e incomodidad que esto significa y genera para la poblaci\u00f3n, pero la falta de escr\u00fapulos, de conciencia ecol\u00f3gica y social de quienes contaminan, y la inacci\u00f3n del Estado por muchos a\u00f1os, ha generado esta crisis. La estamos resolviendo, caiga quien caiga\u201d, indic\u00f3.<\/p>\n<p><strong><em>Panam\u00e1 mantiene manejo responsable en el abanderamiento de buques<\/em><\/strong><\/p>\n<p>Igualmente, el jefe del Ejecutivo, hizo alusi\u00f3n, a recientes publicaciones en torno al proceso de abanderamiento de buques que lleva Panam\u00e1 a trav\u00e9s de la Autoridad Mar\u00edtima de Panam\u00e1 (AMP), un rol que \u201cde manera responsable\u201d juega el pa\u00eds.<\/p>\n<p>\u201cEsto lo menciono porque he visto publicaciones muy recientes en donde se est\u00e1 mintiendo a trav\u00e9s de un organismo internacional o una ONG respecto al proceso de abanderamiento que se realiza en la Rep\u00fablica de Panam\u00e1 y, supuestamente, beneficiando el registro fantasma de buques\u201d, a\u00f1adi\u00f3.<\/p>\n<p>En cumplimiento del Decreto Ejecutivo 512 del 18 de octubre del 2024, ya se ha sancionado 214 naves de bandera paname\u00f1a, explic\u00f3 el gobernante. Entre las canceladas y en proceso de cancelaci\u00f3n, suman un total de 12,834.86 toneladas de registro bruto. Adem\u00e1s, Panam\u00e1, ha publicado la Resoluci\u00f3n 106-035 de este a\u00f1o 2025 para fortalecer los registros de trasbordo entre petroleros bajo su bandera, una medida para combatir la flota fantasma y reafirmar su compromiso como Estado en el proceso de abanderamiento responsable.<\/p>\n<p>\u201cAhora todos los buques paname\u00f1os de 150 toneladas de registro o m\u00e1s deber\u00e1n notificar a la AMP, con 48 horas de antelaci\u00f3n, los detalles de cada operaci\u00f3n de transporte. Seguimos trabajando con transparencia y manteniendo el alto nombre de Panam\u00e1 en el mundo entero y, sobre todo, en la industria naviera, en donde somos socio importante a nivel mundial\u201d, indic\u00f3.<\/p>\n<\/div><\/div><\/div><\/div><\/div>\n","protected":false},"excerpt":{"rendered":"","protected":false},"author":9,"featured_media":108782,"comment_status":"closed","ping_status":"closed","sticky":false,"template":"","format":"standard","meta":{"footnotes":""},"categories":[2],"tags":[],"class_list":["post-108781","post","type-post","status-publish","format-standard","has-post-thumbnail","hentry","category-nacionales"],"_links":{"self":[{"href":"https:\/\/sertv.gob.pa\/nacionalfm\/wp-json\/wp\/v2\/posts\/108781","targetHints":{"allow":["GET"]}}],"collection":[{"href":"https:\/\/sertv.gob.pa\/nacionalfm\/wp-json\/wp\/v2\/posts"}],"about":[{"href":"https:\/\/sertv.gob.pa\/nacionalfm\/wp-json\/wp\/v2\/types\/post"}],"author":[{"embeddable":true,"href":"https:\/\/sertv.gob.pa\/nacionalfm\/wp-json\/wp\/v2\/users\/9"}],"replies":[{"embeddable":true,"href":"https:\/\/sertv.gob.pa\/nacionalfm\/wp-json\/wp\/v2\/comments?post=108781"}],"version-history":[{"count":2,"href":"https:\/\/sertv.gob.pa\/nacionalfm\/wp-json\/wp\/v2\/posts\/108781\/revisions"}],"predecessor-version":[{"id":108784,"href":"https:\/\/sertv.gob.pa\/nacionalfm\/wp-json\/wp\/v2\/posts\/108781\/revisions\/108784"}],"wp:featuredmedia":[{"embeddable":true,"href":"https:\/\/sertv.gob.pa\/nacionalfm\/wp-json\/wp\/v2\/media\/108782"}],"wp:attachment":[{"href":"https:\/\/sertv.gob.pa\/nacionalfm\/wp-json\/wp\/v2\/media?parent=108781"}],"wp:term":[{"taxonomy":"category","embeddable":true,"href":"https:\/\/sertv.gob.pa\/nacionalfm\/wp-json\/wp\/v2\/categories?post=108781"},{"taxonomy":"post_tag","embeddable":true,"href":"https:\/\/sertv.gob.pa\/nacionalfm\/wp-json\/wp\/v2\/tags?post=108781"}],"curies":[{"name":"wp","href":"https:\/\/api.w.org\/{rel}","templated":true}]}}