{"id":108785,"date":"2025-06-09T09:21:11","date_gmt":"2025-06-09T14:21:11","guid":{"rendered":"https:\/\/sertv.gob.pa\/nacionalfm\/?p=108785"},"modified":"2025-06-09T09:21:11","modified_gmt":"2025-06-09T14:21:11","slug":"ifarhu-inicia-pago-del-pase-u-entre-otros","status":"publish","type":"post","link":"https:\/\/sertv.gob.pa\/nacionalfm\/ifarhu-inicia-pago-del-pase-u-entre-otros\/","title":{"rendered":"IFARHU inicia pago del PASE-U, entre otros"},"content":{"rendered":"<p><em><strong>La promesa de honrar los compromisos pendientes de los pagos de las becas, por parte del Gobierno Nacional de Panam\u00e1, se contin\u00faa cumpliendo. El Instituto para la Formaci\u00f3n y Aprovechamiento de Recursos Humanos (IFARHU), desembolsar\u00e1, 122 millones 29 mil 324 balboas con 50 cent\u00e9simos (B\/.122,029,324.50) a 900 mil estudiantes; un pago que supera al pasado desembolso del mes de abril, cuyo monto ascendi\u00f3 a 92 millones de balboas (B\/.92,000,000.00); hasta entonces el mayor desembolso generado por la entidad, que este 2025, cumple su sexag\u00e9simo aniversario (60 a\u00f1os).<\/strong><\/em><\/p>\n<p><strong>De esta manera, a partir de este lunes, 9 de junio, comenzar\u00e1 el pago, tanto con cheque como por ACH, de: PASE-U, Becas Nuevas y Vigentes a 900 mil estudiantes a nivel nacional. Con este desembolso se cancelar\u00e1 el \u00faltimo pago de Becas y Asistencias Econ\u00f3micas pendientes del a\u00f1o 2024, para los estudiantes de primaria, premedia y media. El desembolso incluye, igualmente, a los estudiantes universitarios.<\/strong><\/p>\n<p><strong>Adem\u00e1s, se llevar\u00e1n a cabo, los pagos de Becas y Asistencias Econ\u00f3micas al igual que el Pago 2 y 3 de PASE-U de 2024, para aquellos que no pudieron asistir durante las jornadas de pago y tampoco presentarse a cobrar durante las reprogramaciones.<\/strong><\/p>\n<p><strong>La jornada de pago, tanto de PASE-U como de Becas, contar\u00e1 con dos (2) fases. Las fases est\u00e1n agrupadas de acuerdo con el siguiente detalle:<\/strong><\/p>\n<p><strong>FASE N\u00famero Uno ( 1 )<\/strong><\/p>\n<p><strong>Regiones que inician el lunes 9 de junio de 2025<\/strong><\/p>\n<p><strong>Panam\u00e1 Centro<\/strong><\/p>\n<p><strong>Col\u00f3n<\/strong><\/p>\n<p><strong>Chiriqu\u00ed (David Centro)<\/strong><\/p>\n<p><strong>Panam\u00e1 Norte<\/strong><\/p>\n<p><strong>Los Santos<\/strong><\/p>\n<p><strong>Bocas del Toro (Isla Col\u00f3n)<\/strong><\/p>\n<p><strong>Panam\u00e1 Oeste (La Chorrera)<\/strong><\/p>\n<p><strong>Herrera y Oc\u00fa<\/strong><\/p>\n<p><strong>Comarca Guna Yala<\/strong><\/p>\n<p><strong>Panam\u00e1 Este y Tort\u00ed<\/strong><\/p>\n<p><strong>Cocl\u00e9 (Aguadulce)<\/strong><\/p>\n<p><strong>Panam\u00e1 (San Miguelito)<\/strong><\/p>\n<p><strong>FASE N\u00famero Dos ( 2 )<\/strong><\/p>\n<p><strong>Regiones que inician el lunes 16 de junio de 2025<\/strong><\/p>\n<p><strong>Panam\u00e1 Oeste (Arraij\u00e1n y Coronado)<\/strong><\/p>\n<p><strong>Chiriqu\u00ed (Bar\u00fa)<\/strong><\/p>\n<p><strong>Panam\u00e1 Este<\/strong><\/p>\n<p><strong>Chiriqu\u00ed (Bugaba)<\/strong><\/p>\n<p><strong>Dari\u00e9n y Metet\u00ed<\/strong><\/p>\n<p><strong>Veraguas (Santiago y Son\u00e1)<\/strong><\/p>\n<p><strong>Cocl\u00e9 (Penonom\u00e9)<\/strong><\/p>\n<p><strong>Comarca Ember\u00e1<\/strong><\/p>\n<p><strong>Bocas del Toro (Almirante, Changuinola y Chiriqu\u00ed Grande)<\/strong><\/p>\n<p><strong>Comarca Ng\u00e4be Bugl\u00e9<\/strong><br \/>\n<strong>Con respecto a los estudiantes universitarios vigentes, que est\u00e1n adscritos a la aplicaci\u00f3n Mi Wallet, recibir\u00e1n el pago durante el mes de junio del 2025. Con relaci\u00f3n a los estudiantes nuevos de los concursos y asistencias econ\u00f3micas del 2024, al igual que aquellos que no est\u00e1n adscritos a la aplicaci\u00f3n Mi Wallet, se estar\u00e1 anunciando pr\u00f3ximamente la incorporaci\u00f3n al m\u00e9todo ACH para que puedan recibir el beneficio.<\/strong><\/p>\n<p><strong>Cabe mencionar, que los estudiantes de especializaci\u00f3n, maestr\u00eda y doctorados recibir\u00e1n el pago pendiente de 2024 y cobrar\u00e1n de acuerdo con los cronogramas que publicar\u00e1 el IFARHU, en sus sitios oficiales.<\/strong><\/p>\n<p><strong>Es importante destacar, que las jornadas de pago, est\u00e1n sujetas a las condiciones del clima y al tr\u00e1nsito vial despejado que permitan el traslado seguro.<\/strong><\/p>\n<p><strong>S\u00f3lo podr\u00e1 ingresar a los centros de atenci\u00f3n, la persona que efectuar\u00e1 el cobro, por lo tanto, no es necesaria la presencia del estudiante. Para conocer la fecha, d\u00eda y lugar para retirar el cheque puede consultar los cronogramas publicados en los sitios digitales de la instituci\u00f3n, Web IFARHU: www.ifarhu.gob.pa y en todas las redes sociales.<\/strong><\/p>\n","protected":false},"excerpt":{"rendered":"<p>La promesa de honrar los compromisos pendientes de los pagos <a href=\"https:\/\/sertv.gob.pa\/nacionalfm\/ifarhu-inicia-pago-del-pase-u-entre-otros\/\"> [&#8230;]<\/a><\/p>\n","protected":false},"author":9,"featured_media":108786,"comment_status":"closed","ping_status":"closed","sticky":false,"template":"","format":"standard","meta":{"footnotes":""},"categories":[2],"tags":[],"class_list":["post-108785","post","type-post","status-publish","format-standard","has-post-thumbnail","hentry","category-nacionales"],"_links":{"self":[{"href":"https:\/\/sertv.gob.pa\/nacionalfm\/wp-json\/wp\/v2\/posts\/108785","targetHints":{"allow":["GET"]}}],"collection":[{"href":"https:\/\/sertv.gob.pa\/nacionalfm\/wp-json\/wp\/v2\/posts"}],"about":[{"href":"https:\/\/sertv.gob.pa\/nacionalfm\/wp-json\/wp\/v2\/types\/post"}],"author":[{"embeddable":true,"href":"https:\/\/sertv.gob.pa\/nacionalfm\/wp-json\/wp\/v2\/users\/9"}],"replies":[{"embeddable":true,"href":"https:\/\/sertv.gob.pa\/nacionalfm\/wp-json\/wp\/v2\/comments?post=108785"}],"version-history":[{"count":1,"href":"https:\/\/sertv.gob.pa\/nacionalfm\/wp-json\/wp\/v2\/posts\/108785\/revisions"}],"predecessor-version":[{"id":108787,"href":"https:\/\/sertv.gob.pa\/nacionalfm\/wp-json\/wp\/v2\/posts\/108785\/revisions\/108787"}],"wp:featuredmedia":[{"embeddable":true,"href":"https:\/\/sertv.gob.pa\/nacionalfm\/wp-json\/wp\/v2\/media\/108786"}],"wp:attachment":[{"href":"https:\/\/sertv.gob.pa\/nacionalfm\/wp-json\/wp\/v2\/media?parent=108785"}],"wp:term":[{"taxonomy":"category","embeddable":true,"href":"https:\/\/sertv.gob.pa\/nacionalfm\/wp-json\/wp\/v2\/categories?post=108785"},{"taxonomy":"post_tag","embeddable":true,"href":"https:\/\/sertv.gob.pa\/nacionalfm\/wp-json\/wp\/v2\/tags?post=108785"}],"curies":[{"name":"wp","href":"https:\/\/api.w.org\/{rel}","templated":true}]}}