{"id":108795,"date":"2025-06-09T11:22:49","date_gmt":"2025-06-09T16:22:49","guid":{"rendered":"https:\/\/sertv.gob.pa\/nacionalfm\/?p=108795"},"modified":"2025-06-09T11:22:49","modified_gmt":"2025-06-09T16:22:49","slug":"minsa-toma-acciones-debido-a-contaminacion-de-los-rios-estibana-y-la-villa-ordenan-cierre-de-fincas-porcinas-y-vigilancia-sanitaria-reforzada","status":"publish","type":"post","link":"https:\/\/sertv.gob.pa\/nacionalfm\/minsa-toma-acciones-debido-a-contaminacion-de-los-rios-estibana-y-la-villa-ordenan-cierre-de-fincas-porcinas-y-vigilancia-sanitaria-reforzada\/","title":{"rendered":"MINSA toma acciones debido a contaminaci\u00f3n de los r\u00edos Estiban\u00e1 y La Villa, ordenan cierre de fincas porcinas y vigilancia sanitaria reforzada"},"content":{"rendered":"<p><em><strong>El Ministerio de Salud de Panam\u00e1 (MINSA), por instrucciones del presidente de Panam\u00e1, Jos\u00e9 Ra\u00fal Mulino, refuerza su intervenci\u00f3n sanitaria ante la contaminaci\u00f3n de los r\u00edos Estiban\u00e1 y La Villa, fuentes esenciales de abastecimiento de agua para las provincias de Los Santos y Herrera.<\/strong><\/em><\/p>\n<p><strong>Como parte de esta respuesta, el ministro de Salud de Panam\u00e1, Fernando Boyd Galindo, presidi\u00f3 recientemente, una reuni\u00f3n t\u00e9cnica interinstitucional, con los equipos de Salud P\u00fablica, Saneamiento Ambiental, Calidad de Agua, DAPOS, Zoonosis y DINCAVV, junto a representantes del IDAAN, MIDA y personal t\u00e9cnico de Veraguas y Cocl\u00e9. Durante el encuentro, se analizaron los factores de riesgo y se definieron acciones concretas frente a la situaci\u00f3n.<\/strong><\/p>\n<p><strong>En base a esto, entre las decisiones adoptadas, el MINSA, orden\u00f3 el cierre temporal de fincas porcinas que operan en incumplimiento de las normativas sanitarias, especialmente, por un manejo inadecuado de aguas residuales que podr\u00eda estar afectando la calidad del agua en las cuencas de ambos r\u00edos.<\/strong><\/p>\n<p><strong>\u201cVamos a hacer lo que se tenga que hacer, para evitar que contin\u00fae la contaminaci\u00f3n de la cuenca. Estas medidas son necesarias y forman parte de una intervenci\u00f3n integral que ir\u00e1 avanzando por etapas\u201d, revel\u00f3 el ministro Boyd.<\/strong><\/p>\n<p><strong>Adem\u00e1s, Boyd Galindo, destac\u00f3 que, esta es una situaci\u00f3n multifactorial, relacionada no solo con desechos de origen animal, sino tambi\u00e9n con el uso indiscriminado de agroqu\u00edmicos y la falta de tratamiento adecuado de aguas.<\/strong><\/p>\n<p><strong>\u201cNo se trata de un solo problema con una soluci\u00f3n inmediata. Tenemos que actuar con planificaci\u00f3n, control t\u00e9cnico y responsabilidad compartida\u201d, indic\u00f3.<\/strong><\/p>\n<p><strong>De igual modo, reiter\u00f3 que, no se permitir\u00e1 introducir agua no tratada en las redes de distribuci\u00f3n, y que el Gobierno Nacional, a trav\u00e9s del MINSA y otras entidades, est\u00e1 garantizando el abastecimiento de agua potable mediante camiones cisterna, mientras se implementan soluciones sostenibles.<\/strong><\/p>\n<p><strong>La jornada del ministro, concluy\u00f3 con una inspecci\u00f3n en la planta de tratamiento de aguas residuales y en la toma de agua de la planta potabilizadora de Herrera, donde se le explic\u00f3 el funcionamiento actual en el marco de esta emergencia h\u00eddrica.<\/strong><\/p>\n<p><strong>Boyd Galindo, destac\u00f3 que, esta planta, representa una soluci\u00f3n integral y replicable para el tratamiento adecuado de aguas residuales, no solo en la regi\u00f3n de Azuero, sino en otras zonas del pa\u00eds, al contribuir de manera significativa al manejo responsable y sostenible del recurso h\u00eddrico.<\/strong><\/p>\n<p><strong>Aunque reconoci\u00f3 que, esta no es una soluci\u00f3n inmediata al desabastecimiento, el ministro, enfatiz\u00f3 que, se trata de una apuesta necesaria para el futuro de la salud ambiental en Panam\u00e1.<\/strong><\/p>\n<p><em><strong>El Ministerio de Salud, reafirma su compromiso de proteger la salud p\u00fablica y continuar\u00e1 ejecutando todas las acciones necesarias para garantizar agua segura, bajo la coordinaci\u00f3n del Gobierno Nacional y en estricto cumplimiento de las normativas sanitarias y ambientales vigentes.<\/strong><\/em><\/p>\n<p><em><strong>Cabe mencionar, que como parte de estas acciones inmediatas, se efectu\u00f3 la compra de tres contenedores de agua embotellada para abastecer a las comunidades m\u00e1s afectadas y a los centros de salud de la regi\u00f3n. Actualmente, los hospitales Dr. Cecilio Castillero de Chitr\u00e9, Anita Moreno de Los Santos, Luis H. Moreno, de Macaracas y Joaqu\u00edn Pablo Franco Sayas, de Las Tablas, cuentan con abastecimiento de agua embotellada para su funcionamiento operativo.<\/strong><\/em><\/p>\n","protected":false},"excerpt":{"rendered":"<p>El Ministerio de Salud de Panam\u00e1 (MINSA), por instrucciones del <a href=\"https:\/\/sertv.gob.pa\/nacionalfm\/minsa-toma-acciones-debido-a-contaminacion-de-los-rios-estibana-y-la-villa-ordenan-cierre-de-fincas-porcinas-y-vigilancia-sanitaria-reforzada\/\"> [&#8230;]<\/a><\/p>\n","protected":false},"author":9,"featured_media":108796,"comment_status":"closed","ping_status":"closed","sticky":false,"template":"","format":"standard","meta":{"footnotes":""},"categories":[2],"tags":[],"class_list":["post-108795","post","type-post","status-publish","format-standard","has-post-thumbnail","hentry","category-nacionales"],"_links":{"self":[{"href":"https:\/\/sertv.gob.pa\/nacionalfm\/wp-json\/wp\/v2\/posts\/108795","targetHints":{"allow":["GET"]}}],"collection":[{"href":"https:\/\/sertv.gob.pa\/nacionalfm\/wp-json\/wp\/v2\/posts"}],"about":[{"href":"https:\/\/sertv.gob.pa\/nacionalfm\/wp-json\/wp\/v2\/types\/post"}],"author":[{"embeddable":true,"href":"https:\/\/sertv.gob.pa\/nacionalfm\/wp-json\/wp\/v2\/users\/9"}],"replies":[{"embeddable":true,"href":"https:\/\/sertv.gob.pa\/nacionalfm\/wp-json\/wp\/v2\/comments?post=108795"}],"version-history":[{"count":2,"href":"https:\/\/sertv.gob.pa\/nacionalfm\/wp-json\/wp\/v2\/posts\/108795\/revisions"}],"predecessor-version":[{"id":108798,"href":"https:\/\/sertv.gob.pa\/nacionalfm\/wp-json\/wp\/v2\/posts\/108795\/revisions\/108798"}],"wp:featuredmedia":[{"embeddable":true,"href":"https:\/\/sertv.gob.pa\/nacionalfm\/wp-json\/wp\/v2\/media\/108796"}],"wp:attachment":[{"href":"https:\/\/sertv.gob.pa\/nacionalfm\/wp-json\/wp\/v2\/media?parent=108795"}],"wp:term":[{"taxonomy":"category","embeddable":true,"href":"https:\/\/sertv.gob.pa\/nacionalfm\/wp-json\/wp\/v2\/categories?post=108795"},{"taxonomy":"post_tag","embeddable":true,"href":"https:\/\/sertv.gob.pa\/nacionalfm\/wp-json\/wp\/v2\/tags?post=108795"}],"curies":[{"name":"wp","href":"https:\/\/api.w.org\/{rel}","templated":true}]}}