{"id":108799,"date":"2025-06-09T11:41:07","date_gmt":"2025-06-09T16:41:07","guid":{"rendered":"https:\/\/sertv.gob.pa\/nacionalfm\/?p=108799"},"modified":"2025-06-09T11:41:07","modified_gmt":"2025-06-09T16:41:07","slug":"comunicado-del-minsa-2","status":"publish","type":"post","link":"https:\/\/sertv.gob.pa\/nacionalfm\/comunicado-del-minsa-2\/","title":{"rendered":"Comunicado del MINSA"},"content":{"rendered":"<p><em><strong>El Ministerio de Salud informa a la poblaci\u00f3n que, conforme a la notificaci\u00f3n recibida a trav\u00e9s del Punto de Contacto Regional del Reglamento Sanitario Internacional (RSI), se ha identificado un Evento de Salud P\u00fablica de Importancia Internacional (ESPII) relacionado con un caso confirmado de sarampi\u00f3n.<\/strong><\/em><\/p>\n<p>Esta persona particip\u00f3 en dos eventos masivos organizados por La Iglesia de Jesucristo de los Santos de los \u00daltimos D\u00edas, realizados en el departamento de Santa Cruz, Bolivia, en las siguientes fechas:<\/p>\n<p>Primera convenci\u00f3n: del 9 al 11 de mayo, con la asistencia de aproximadamente 13.000 personas de diversos pa\u00edses.<br \/>\nSegunda convenci\u00f3n: del 23 al 25 de mayo, con la participaci\u00f3n de alrededor de 19.500 personas, tambi\u00e9n de distintas nacionalidades, incluidos ciudadanos de Panam\u00e1.<\/p>\n<p>Debido a la magnitud de estos eventos y la presencia de personas provenientes de varios pa\u00edses, existe riesgo de transmisi\u00f3n entre los asistentes, tanto contactos directos como indirectos.<\/p>\n<p>El sarampi\u00f3n es una enfermedad altamente contagiosa que se transmite por v\u00eda a\u00e9rea.<\/p>\n<p>Los s\u00edntomas aparecen entre 10 y 14 d\u00edas despu\u00e9s del contacto con el virus e incluyen: Fiebre, tos, secreci\u00f3n nasal, conjuntivitis (ojos enrojecidos), dolor de garganta y sarpullido rojo caracter\u00edstico que generalmente inicia en la cara y se extiende al resto del cuerpo<\/p>\n<p>Si usted asisti\u00f3 a alguna de las convenciones mencionadas y presenta estos s\u00edntomas, acuda de inmediato al centro de salud m\u00e1s cercano e informe sobre su asistencia al evento.<\/p>\n<p>Recordamos a toda la poblaci\u00f3n la importancia de mantener actualizado el esquema de vacunaci\u00f3n contra el sarampi\u00f3n, a partir del primer a\u00f1o de vida, como medida fundamental de prevenci\u00f3n.<\/p>\n<p>Adicionalmente, se recomienda que todas las personas que viajen al extranjero cuenten con su esquema de vacunaci\u00f3n completo. En el caso de ni\u00f1os menores de un a\u00f1o, se sugiere consultar con su pediatra para evaluar el riesgo de exposici\u00f3n y considerar medidas adicionales.<\/p>\n<p><strong>\u00a1Prevenir el sarampi\u00f3n est\u00e1 en nuestras manos!<\/strong><\/p>\n","protected":false},"excerpt":{"rendered":"<p>El Ministerio de Salud informa a la poblaci\u00f3n que, conforme <a href=\"https:\/\/sertv.gob.pa\/nacionalfm\/comunicado-del-minsa-2\/\"> [&#8230;]<\/a><\/p>\n","protected":false},"author":9,"featured_media":108800,"comment_status":"closed","ping_status":"closed","sticky":false,"template":"","format":"standard","meta":{"footnotes":""},"categories":[2],"tags":[],"class_list":["post-108799","post","type-post","status-publish","format-standard","has-post-thumbnail","hentry","category-nacionales"],"_links":{"self":[{"href":"https:\/\/sertv.gob.pa\/nacionalfm\/wp-json\/wp\/v2\/posts\/108799","targetHints":{"allow":["GET"]}}],"collection":[{"href":"https:\/\/sertv.gob.pa\/nacionalfm\/wp-json\/wp\/v2\/posts"}],"about":[{"href":"https:\/\/sertv.gob.pa\/nacionalfm\/wp-json\/wp\/v2\/types\/post"}],"author":[{"embeddable":true,"href":"https:\/\/sertv.gob.pa\/nacionalfm\/wp-json\/wp\/v2\/users\/9"}],"replies":[{"embeddable":true,"href":"https:\/\/sertv.gob.pa\/nacionalfm\/wp-json\/wp\/v2\/comments?post=108799"}],"version-history":[{"count":1,"href":"https:\/\/sertv.gob.pa\/nacionalfm\/wp-json\/wp\/v2\/posts\/108799\/revisions"}],"predecessor-version":[{"id":108801,"href":"https:\/\/sertv.gob.pa\/nacionalfm\/wp-json\/wp\/v2\/posts\/108799\/revisions\/108801"}],"wp:featuredmedia":[{"embeddable":true,"href":"https:\/\/sertv.gob.pa\/nacionalfm\/wp-json\/wp\/v2\/media\/108800"}],"wp:attachment":[{"href":"https:\/\/sertv.gob.pa\/nacionalfm\/wp-json\/wp\/v2\/media?parent=108799"}],"wp:term":[{"taxonomy":"category","embeddable":true,"href":"https:\/\/sertv.gob.pa\/nacionalfm\/wp-json\/wp\/v2\/categories?post=108799"},{"taxonomy":"post_tag","embeddable":true,"href":"https:\/\/sertv.gob.pa\/nacionalfm\/wp-json\/wp\/v2\/tags?post=108799"}],"curies":[{"name":"wp","href":"https:\/\/api.w.org\/{rel}","templated":true}]}}