{"id":108811,"date":"2025-06-09T14:26:26","date_gmt":"2025-06-09T19:26:26","guid":{"rendered":"https:\/\/sertv.gob.pa\/nacionalfm\/?p=108811"},"modified":"2025-06-09T14:29:57","modified_gmt":"2025-06-09T19:29:57","slug":"sigue-en-desarollo-operativo-para-distribucion-de-agua-embotellada-en-chitre","status":"publish","type":"post","link":"https:\/\/sertv.gob.pa\/nacionalfm\/sigue-en-desarollo-operativo-para-distribucion-de-agua-embotellada-en-chitre\/","title":{"rendered":"Sigue en desarollo, operativo para distribuci\u00f3n de agua embotellada, en Chitr\u00e9"},"content":{"rendered":"<p><em><strong>Tras un gran esfuerzo conjunto, durante este fin de semana, sigui\u00f3 el operativo de distribuci\u00f3n de agua embotellada casa por casa, en el distrito de Chitr\u00e9, como respuesta a la afectaci\u00f3n luego del cierre temporal, de la planta potabilizadora Roberto de Reyna, provocado por la presencia de material contaminante, el cual fue detectado en las aguas del r\u00edo La Villa.<\/strong><\/em><\/p>\n<p><strong>Este operativo y log\u00edstica de distribuci\u00f3n de agua embotellada, ha contado con el apoyo solidario del Ministerio de Obras P\u00fablicas (MOP) en Herrera, el cual ha puesto a disposici\u00f3n, su flota vehicular y personal humano, a fin de garantizar que las comunidades m\u00e1s afectadas, reciban este recurso vital de forma oportuna y organizada.<\/strong><\/p>\n<p><strong>Cabe mencionar, que la distribuci\u00f3n, contin\u00faa efectu\u00e1ndose de manera progresiva en los sectores priorizados, con el firme compromiso de llevar alivio a las familias que atraviesan esta situaci\u00f3n. Igualmente, se mantienen activas todas las coordinaciones interinstitucionales necesarias, con la intenci\u00f3n de atender la emergencia y restablecer de este modo, el servicio de agua potable, en el menor tiempo posible.<\/strong><\/p>\n<p>&nbsp;<\/p>\n","protected":false},"excerpt":{"rendered":"<p>Tras un gran esfuerzo conjunto, durante este fin de semana, <a href=\"https:\/\/sertv.gob.pa\/nacionalfm\/sigue-en-desarollo-operativo-para-distribucion-de-agua-embotellada-en-chitre\/\"> [&#8230;]<\/a><\/p>\n","protected":false},"author":9,"featured_media":108812,"comment_status":"closed","ping_status":"closed","sticky":false,"template":"","format":"standard","meta":{"footnotes":""},"categories":[2],"tags":[],"class_list":["post-108811","post","type-post","status-publish","format-standard","has-post-thumbnail","hentry","category-nacionales"],"_links":{"self":[{"href":"https:\/\/sertv.gob.pa\/nacionalfm\/wp-json\/wp\/v2\/posts\/108811","targetHints":{"allow":["GET"]}}],"collection":[{"href":"https:\/\/sertv.gob.pa\/nacionalfm\/wp-json\/wp\/v2\/posts"}],"about":[{"href":"https:\/\/sertv.gob.pa\/nacionalfm\/wp-json\/wp\/v2\/types\/post"}],"author":[{"embeddable":true,"href":"https:\/\/sertv.gob.pa\/nacionalfm\/wp-json\/wp\/v2\/users\/9"}],"replies":[{"embeddable":true,"href":"https:\/\/sertv.gob.pa\/nacionalfm\/wp-json\/wp\/v2\/comments?post=108811"}],"version-history":[{"count":2,"href":"https:\/\/sertv.gob.pa\/nacionalfm\/wp-json\/wp\/v2\/posts\/108811\/revisions"}],"predecessor-version":[{"id":108814,"href":"https:\/\/sertv.gob.pa\/nacionalfm\/wp-json\/wp\/v2\/posts\/108811\/revisions\/108814"}],"wp:featuredmedia":[{"embeddable":true,"href":"https:\/\/sertv.gob.pa\/nacionalfm\/wp-json\/wp\/v2\/media\/108812"}],"wp:attachment":[{"href":"https:\/\/sertv.gob.pa\/nacionalfm\/wp-json\/wp\/v2\/media?parent=108811"}],"wp:term":[{"taxonomy":"category","embeddable":true,"href":"https:\/\/sertv.gob.pa\/nacionalfm\/wp-json\/wp\/v2\/categories?post=108811"},{"taxonomy":"post_tag","embeddable":true,"href":"https:\/\/sertv.gob.pa\/nacionalfm\/wp-json\/wp\/v2\/tags?post=108811"}],"curies":[{"name":"wp","href":"https:\/\/api.w.org\/{rel}","templated":true}]}}