{"id":108818,"date":"2025-06-10T09:40:58","date_gmt":"2025-06-10T14:40:58","guid":{"rendered":"https:\/\/sertv.gob.pa\/nacionalfm\/?p=108818"},"modified":"2025-06-10T09:40:58","modified_gmt":"2025-06-10T14:40:58","slug":"autoridades-informan-restablecimiento-de-las-plantas-potabilizadoras-en-azuero-pero-revelan-que-aun-el-agua-no-es-apta-para-el-consumo-humano","status":"publish","type":"post","link":"https:\/\/sertv.gob.pa\/nacionalfm\/autoridades-informan-restablecimiento-de-las-plantas-potabilizadoras-en-azuero-pero-revelan-que-aun-el-agua-no-es-apta-para-el-consumo-humano\/","title":{"rendered":"Autoridades informan restablecimiento de las plantas potabilizadoras en Azuero, pero revelan que, a\u00fan el agua, no es apta para el consumo humano"},"content":{"rendered":"<ul>\n<li><em><strong>Autoridades advierten de sanciones a empresas porcinocultoras.<\/strong><\/em><\/li>\n<li><em><strong>Gobierno garantiza distribuci\u00f3n de agua potable embotellada y a trav\u00e9s de cisternas.<\/strong><\/em><\/li>\n<\/ul>\n<p>&nbsp;<\/p>\n<p><em><strong>La producci\u00f3n de agua en las plantas de tratamiento Rufina Alfaro y Roberto Reyna, en Azuero, fue restablecida al cien por ciento, anunciaron autoridades del Gobierno; sin embargo, recalcaron que, el agua no es potable y no se recomienda para el consumo humano, tomando en consideraci\u00f3n, los niveles de contaminaci\u00f3n microbiol\u00f3gica de las fuentes h\u00eddricas que suplen la regi\u00f3n.<\/strong><\/em><\/p>\n<p><strong>Esto se pudo conocer, tras conferencia de prensa, la cual realizaron el lunes, 9 de junio, del presente a\u00f1o, los Ministros Fernando Boyd Galindo, Roberto Linares, de Salud y Desarrollo Agropecuario, respectivamente, as\u00ed como el viceministro de Ambiente, Oscar Vallarino, y el director del IDAAN, Rutilio Villareal, quienes remarcaron que, el agua, se podr\u00eda estar recibiendo en las viviendas a partir de la media noche, de ese d\u00eda, a fin de atenuar la escasez del l\u00edquido para otras necesidades en el hogar, la producci\u00f3n y el comercio.<\/strong><\/p>\n<p><strong>En este sentido, el titular de Salud, anunci\u00f3 que, peri\u00f3dicamente se est\u00e1n haciendo pruebas microbiol\u00f3gicas en los r\u00edos Estiban\u00e1 y La Villa para determinar los niveles de contaminaci\u00f3n, y que se ir\u00e1 realizando las mediciones, finca por finca y en cada regi\u00f3n, para lograr que el vertido de las aguas a los r\u00edos se realice de forma adecuada y seg\u00fan las normas, para que sean procesadas en las plantas de tratamiento.<\/strong><\/p>\n<p><strong>Entretanto, el ministro Linares, coment\u00f3 que, esta situaci\u00f3n en los r\u00edos se\u00f1alados, es un problema de d\u00e9cadas al que el gobierno le hace frente en este momento para solucionarlo, ya que, no se trata de un tema pol\u00edtico ni econ\u00f3mico, sino de la salud del pueblo paname\u00f1o que habita en la regi\u00f3n de Azuero.<\/strong><\/p>\n<p><strong>\u201cHacemos un llamado a los porcinocultores a arrancar con las adecuaciones necesarias solicitadas para solucionar, de una vez por todas y de forma permanente, este problema. Y si es necesario, cerraremos plantas\u201d, recalc\u00f3.<\/strong><\/p>\n<p><strong>Al mismo tiempo, el viceministro de MiAMBIENTE, enfatiz\u00f3 en el cierre de plantas porcinocultoras si en 48 horas no adecuan su sistema. Explic\u00f3 que, han verificado unos 36 puntos de contaminaci\u00f3n, donde 23 han presentado resultados cr\u00edticos que demuestran que el agua tiene alta contaminaci\u00f3n. A\u00f1adi\u00f3 que, 6 plantas porcinocultoras, han sido cerradas temporalmente; sin embargo, esta medida se extender\u00e1 a las que no cumplan con las disposiciones.<\/strong><\/p>\n<p><strong>Cabe resaltar, que de estos casos, se ha enviado denuncias de investigaci\u00f3n a la fiscal\u00eda para que las autoridades determinen las responsabilidades por contaminaci\u00f3n ambiental.<\/strong><\/p>\n<p><strong>En lo relativo a este suceso, el director del IDAAN, destac\u00f3 que, se mantendr\u00e1 la log\u00edstica de entrega de agua potable embotellada y por medio de carros cisterna, por lo que recomend\u00f3 a la poblaci\u00f3n estar pendiente del proceso de distribuci\u00f3n.<\/strong><\/p>\n","protected":false},"excerpt":{"rendered":"<p>Autoridades advierten de sanciones a empresas porcinocultoras. Gobierno garantiza distribuci\u00f3n <a href=\"https:\/\/sertv.gob.pa\/nacionalfm\/autoridades-informan-restablecimiento-de-las-plantas-potabilizadoras-en-azuero-pero-revelan-que-aun-el-agua-no-es-apta-para-el-consumo-humano\/\"> [&#8230;]<\/a><\/p>\n","protected":false},"author":9,"featured_media":108819,"comment_status":"closed","ping_status":"closed","sticky":false,"template":"","format":"standard","meta":{"footnotes":""},"categories":[2],"tags":[],"class_list":["post-108818","post","type-post","status-publish","format-standard","has-post-thumbnail","hentry","category-nacionales"],"_links":{"self":[{"href":"https:\/\/sertv.gob.pa\/nacionalfm\/wp-json\/wp\/v2\/posts\/108818","targetHints":{"allow":["GET"]}}],"collection":[{"href":"https:\/\/sertv.gob.pa\/nacionalfm\/wp-json\/wp\/v2\/posts"}],"about":[{"href":"https:\/\/sertv.gob.pa\/nacionalfm\/wp-json\/wp\/v2\/types\/post"}],"author":[{"embeddable":true,"href":"https:\/\/sertv.gob.pa\/nacionalfm\/wp-json\/wp\/v2\/users\/9"}],"replies":[{"embeddable":true,"href":"https:\/\/sertv.gob.pa\/nacionalfm\/wp-json\/wp\/v2\/comments?post=108818"}],"version-history":[{"count":1,"href":"https:\/\/sertv.gob.pa\/nacionalfm\/wp-json\/wp\/v2\/posts\/108818\/revisions"}],"predecessor-version":[{"id":108820,"href":"https:\/\/sertv.gob.pa\/nacionalfm\/wp-json\/wp\/v2\/posts\/108818\/revisions\/108820"}],"wp:featuredmedia":[{"embeddable":true,"href":"https:\/\/sertv.gob.pa\/nacionalfm\/wp-json\/wp\/v2\/media\/108819"}],"wp:attachment":[{"href":"https:\/\/sertv.gob.pa\/nacionalfm\/wp-json\/wp\/v2\/media?parent=108818"}],"wp:term":[{"taxonomy":"category","embeddable":true,"href":"https:\/\/sertv.gob.pa\/nacionalfm\/wp-json\/wp\/v2\/categories?post=108818"},{"taxonomy":"post_tag","embeddable":true,"href":"https:\/\/sertv.gob.pa\/nacionalfm\/wp-json\/wp\/v2\/tags?post=108818"}],"curies":[{"name":"wp","href":"https:\/\/api.w.org\/{rel}","templated":true}]}}