{"id":108824,"date":"2025-06-10T10:44:44","date_gmt":"2025-06-10T15:44:44","guid":{"rendered":"https:\/\/sertv.gob.pa\/nacionalfm\/?p=108824"},"modified":"2025-06-10T10:44:44","modified_gmt":"2025-06-10T15:44:44","slug":"mitradel-brinda-apoyo-a-comunidades-de-azuero-ante-escasez-de-agua","status":"publish","type":"post","link":"https:\/\/sertv.gob.pa\/nacionalfm\/mitradel-brinda-apoyo-a-comunidades-de-azuero-ante-escasez-de-agua\/","title":{"rendered":"MITRADEL brinda apoyo a comunidades de Azuero ante escasez de agua"},"content":{"rendered":"<p><strong>Personal del Ministerio de Trabajo y Desarrollo Laboral (MITRADELl), a trav\u00e9s de su Direcci\u00f3n Regional en Los Santos, se sum\u00f3 a los esfuerzos interinstitucionales a fin de atender la emergencia h\u00eddrica que actualmente, aqueja a diversas comunidades de la regi\u00f3n de Azuero debido a fallas operativas en la planta potabilizadora del r\u00edo La Villa. Esta situaci\u00f3n, ha ocasionado una escasez significativa de agua potable en varios distritos de la provincia.<\/strong><\/p>\n<p><strong>Ante este hecho, los funcionarios del MITRADEL, participaron de forma activa, en la distribuci\u00f3n de agua potable mediante camiones cisterna, veh\u00edculos con tanques y entrega de pacas de agua embotellada. La asistencia, se ofreci\u00f3 en los distritos de La Villa, Guarar\u00e9 y Macaracas, beneficiando a cientos de familias. Estas labores, se extendieron hasta altas horas de la noche, con la intenci\u00f3n de llevar el recurso vital a los hogares de mayor afectaci\u00f3n.<\/strong><\/p>\n<p><em><strong>Es importante recordar que, el MITRADEL, reafirma su compromiso de continuar apoyando estas acciones solidarias, aportando recursos log\u00edsticos y humanos mientras se normaliza el funcionamiento del sistema de potabilizaci\u00f3n.<\/strong><\/em><\/p>\n<p>&nbsp;<\/p>\n","protected":false},"excerpt":{"rendered":"<p>Personal del Ministerio de Trabajo y Desarrollo Laboral (MITRADELl), a <a href=\"https:\/\/sertv.gob.pa\/nacionalfm\/mitradel-brinda-apoyo-a-comunidades-de-azuero-ante-escasez-de-agua\/\"> [&#8230;]<\/a><\/p>\n","protected":false},"author":9,"featured_media":108825,"comment_status":"closed","ping_status":"closed","sticky":false,"template":"","format":"standard","meta":{"footnotes":""},"categories":[2],"tags":[],"class_list":["post-108824","post","type-post","status-publish","format-standard","has-post-thumbnail","hentry","category-nacionales"],"_links":{"self":[{"href":"https:\/\/sertv.gob.pa\/nacionalfm\/wp-json\/wp\/v2\/posts\/108824","targetHints":{"allow":["GET"]}}],"collection":[{"href":"https:\/\/sertv.gob.pa\/nacionalfm\/wp-json\/wp\/v2\/posts"}],"about":[{"href":"https:\/\/sertv.gob.pa\/nacionalfm\/wp-json\/wp\/v2\/types\/post"}],"author":[{"embeddable":true,"href":"https:\/\/sertv.gob.pa\/nacionalfm\/wp-json\/wp\/v2\/users\/9"}],"replies":[{"embeddable":true,"href":"https:\/\/sertv.gob.pa\/nacionalfm\/wp-json\/wp\/v2\/comments?post=108824"}],"version-history":[{"count":1,"href":"https:\/\/sertv.gob.pa\/nacionalfm\/wp-json\/wp\/v2\/posts\/108824\/revisions"}],"predecessor-version":[{"id":108826,"href":"https:\/\/sertv.gob.pa\/nacionalfm\/wp-json\/wp\/v2\/posts\/108824\/revisions\/108826"}],"wp:featuredmedia":[{"embeddable":true,"href":"https:\/\/sertv.gob.pa\/nacionalfm\/wp-json\/wp\/v2\/media\/108825"}],"wp:attachment":[{"href":"https:\/\/sertv.gob.pa\/nacionalfm\/wp-json\/wp\/v2\/media?parent=108824"}],"wp:term":[{"taxonomy":"category","embeddable":true,"href":"https:\/\/sertv.gob.pa\/nacionalfm\/wp-json\/wp\/v2\/categories?post=108824"},{"taxonomy":"post_tag","embeddable":true,"href":"https:\/\/sertv.gob.pa\/nacionalfm\/wp-json\/wp\/v2\/tags?post=108824"}],"curies":[{"name":"wp","href":"https:\/\/api.w.org\/{rel}","templated":true}]}}