{"id":108827,"date":"2025-06-10T11:16:21","date_gmt":"2025-06-10T16:16:21","guid":{"rendered":"https:\/\/sertv.gob.pa\/nacionalfm\/?p=108827"},"modified":"2025-06-10T11:16:21","modified_gmt":"2025-06-10T16:16:21","slug":"mas-del-82-presenta-en-avance-la-construccion-del-policentro-de-san-isidro-en-san-miguelito","status":"publish","type":"post","link":"https:\/\/sertv.gob.pa\/nacionalfm\/mas-del-82-presenta-en-avance-la-construccion-del-policentro-de-san-isidro-en-san-miguelito\/","title":{"rendered":"M\u00e1s del 82% presenta en avance, la construcci\u00f3n del Policentro de San Isidro, en  San Miguelito"},"content":{"rendered":"<ul>\n<li><strong>La fecha de entrega del proyecto esta contemplada para el pr\u00f3ximo 15 de agosto.<\/strong><\/li>\n<li><strong>Durante el mes de junio, se estar\u00e1 recibiendo el 45% del equipamiento.<\/strong><\/li>\n<\/ul>\n<p><strong>En la actualidad, el proyecto de edificaci\u00f3n del Policentro de San Isidro, observa un avance f\u00edsico superior al 82%. El mismo, beneficiar\u00e1 a cerca de 31 mil habitantes, en el corregimiento de Omar Torrijos y comunidades adyacentes, en el distrito de San Miguelito.<\/strong><\/p>\n<p><strong>Sobre el particular, el ministro de Salud de Panam\u00e1, Fernando Boyd Galindo, revel\u00f3, durante un recorrido este lunes por la obra en ejecuci\u00f3n, que la misma, tiene como fecha de entrega el pr\u00f3ximo 15 de agosto.<\/strong><\/p>\n<p><strong>\u201cEste policentro, con una buena ubicaci\u00f3n, va a resolver a muchas comunidades del \u00e1rea en materia de atenci\u00f3n m\u00e9dica, tendr\u00e1 muchos servicios de salud que son necesarios para la poblaci\u00f3n\u201d, sostuvo Boyd Galindo.<\/strong><\/p>\n<p><strong>Tambi\u00e9n, dej\u00f3 claro que, se ha acordado con la empresa a cargo de la obra, intensificar los trabajos para que el proyecto sea entregado en el periodo estimado, el personal tendr\u00e1 turnos extendidos, trabajar\u00e1n fines de semana, entre otras acciones que garanticen pronto la atenci\u00f3n en esta instalaci\u00f3n de salud y no tenga un retraso m\u00e1s.<\/strong><\/p>\n<p><strong>Por otro lado, Abdiel Escobar, director de Infraestrutura de Salud del MINSA, enfatz\u00f3 que, este proyecto, por un monto de B\/. 35,199,839.66, ejecutado por la empresa Alca Holding Int., estar\u00e1 brindando servicios m\u00e9dicos que la poblaci\u00f3n merece antes de concluir este a\u00f1o.<\/strong><\/p>\n<p><strong>Exterioriz\u00f3 que, en los pr\u00f3ximo d\u00edas, se estar\u00e1 recibiendo el 45% del equipamiento.<\/strong><\/p>\n<p><strong>Asimismo, Yaviletsy Centella, directora de la Regi\u00f3n de Salud de San Miguelito, resalt\u00f3 que, esta estructura contar\u00e1 con importantes servicios de salud tales como; laboratorio, farmacia, medicina general, odontolog\u00eda, pediatr\u00eda, medicina familiar, psicolog\u00eda, dermatolog\u00eda, radiolog\u00eda, cirug\u00eda menor, electro diagn\u00f3stico, medicina f\u00edsica y rehabilitaci\u00f3n etc.<\/strong><\/p>\n<p><strong>Hay que recordar, que el Policentro de San Isidro, es una de las obras de infraestructura de salud retomada por la administraci\u00f3n del ministro, Boyd Galindo.<\/strong><\/p>\n","protected":false},"excerpt":{"rendered":"<p>La fecha de entrega del proyecto esta contemplada para el <a href=\"https:\/\/sertv.gob.pa\/nacionalfm\/mas-del-82-presenta-en-avance-la-construccion-del-policentro-de-san-isidro-en-san-miguelito\/\"> [&#8230;]<\/a><\/p>\n","protected":false},"author":9,"featured_media":108828,"comment_status":"closed","ping_status":"closed","sticky":false,"template":"","format":"standard","meta":{"footnotes":""},"categories":[5],"tags":[],"class_list":["post-108827","post","type-post","status-publish","format-standard","has-post-thumbnail","hentry","category-salud"],"_links":{"self":[{"href":"https:\/\/sertv.gob.pa\/nacionalfm\/wp-json\/wp\/v2\/posts\/108827","targetHints":{"allow":["GET"]}}],"collection":[{"href":"https:\/\/sertv.gob.pa\/nacionalfm\/wp-json\/wp\/v2\/posts"}],"about":[{"href":"https:\/\/sertv.gob.pa\/nacionalfm\/wp-json\/wp\/v2\/types\/post"}],"author":[{"embeddable":true,"href":"https:\/\/sertv.gob.pa\/nacionalfm\/wp-json\/wp\/v2\/users\/9"}],"replies":[{"embeddable":true,"href":"https:\/\/sertv.gob.pa\/nacionalfm\/wp-json\/wp\/v2\/comments?post=108827"}],"version-history":[{"count":1,"href":"https:\/\/sertv.gob.pa\/nacionalfm\/wp-json\/wp\/v2\/posts\/108827\/revisions"}],"predecessor-version":[{"id":108829,"href":"https:\/\/sertv.gob.pa\/nacionalfm\/wp-json\/wp\/v2\/posts\/108827\/revisions\/108829"}],"wp:featuredmedia":[{"embeddable":true,"href":"https:\/\/sertv.gob.pa\/nacionalfm\/wp-json\/wp\/v2\/media\/108828"}],"wp:attachment":[{"href":"https:\/\/sertv.gob.pa\/nacionalfm\/wp-json\/wp\/v2\/media?parent=108827"}],"wp:term":[{"taxonomy":"category","embeddable":true,"href":"https:\/\/sertv.gob.pa\/nacionalfm\/wp-json\/wp\/v2\/categories?post=108827"},{"taxonomy":"post_tag","embeddable":true,"href":"https:\/\/sertv.gob.pa\/nacionalfm\/wp-json\/wp\/v2\/tags?post=108827"}],"curies":[{"name":"wp","href":"https:\/\/api.w.org\/{rel}","templated":true}]}}