{"id":108833,"date":"2025-06-10T12:56:43","date_gmt":"2025-06-10T17:56:43","guid":{"rendered":"https:\/\/sertv.gob.pa\/nacionalfm\/?p=108833"},"modified":"2025-06-10T12:56:43","modified_gmt":"2025-06-10T17:56:43","slug":"autoridades-de-la-escuela-helen-keller-se-reunen-para-planificar-actividades-y-atenciones-tecnicas-para-estudiantes-ciegos","status":"publish","type":"post","link":"https:\/\/sertv.gob.pa\/nacionalfm\/autoridades-de-la-escuela-helen-keller-se-reunen-para-planificar-actividades-y-atenciones-tecnicas-para-estudiantes-ciegos\/","title":{"rendered":"Autoridades de la Escuela Helen Keller, se re\u00fanen para planificar actividades y atenciones t\u00e9cnicas para Estudiantes Ciegos"},"content":{"rendered":"<p><em><strong>Una reuni\u00f3n del equipo t\u00e9cnico con la directora y supervisora de la Escuela Nacional de Ciegos Helen Keller (ENCHK) del Instituto Paname\u00f1o de Habilitaci\u00f3n Especial (IPHE), realiz\u00f3 en fecha reciente, personal t\u00e9cnico que brinda las atenciones a los estudiantes que reciben los servicios, recursos y apoyos de la educaci\u00f3n especial en este plantel de la entidad.<\/strong><\/em><\/p>\n<p><strong>Durante el desarrollo de esta reuni\u00f3n, los profesionales de las disciplinas de: Psicolog\u00eda, Trabajo Social, Terapia F\u00edsica y Fonoaudiolog\u00eda detallaron a las autoridades del centro educativo, sobre la actualizaci\u00f3n de actividades y el reporte semanal acerca de las atenciones y proyectos ejecutados hasta el mes de junio en beneficio de los alumnos.<\/strong><\/p>\n<p><strong>Esta jornada informativa, estuvo encabezada por la profesora Ara B. Rosas de Ramos, directora de la Escuela Nacional de Ciegos Helen Keller, quien estuvo acompa\u00f1ada de la profesora Gladys P\u00e9rez \u00c1brego, Supervisora Nacional de esta escuela.<\/strong><\/p>\n<p>&nbsp;<\/p>\n<p>&nbsp;<\/p>\n","protected":false},"excerpt":{"rendered":"<p>Una reuni\u00f3n del equipo t\u00e9cnico con la directora y supervisora <a href=\"https:\/\/sertv.gob.pa\/nacionalfm\/autoridades-de-la-escuela-helen-keller-se-reunen-para-planificar-actividades-y-atenciones-tecnicas-para-estudiantes-ciegos\/\"> [&#8230;]<\/a><\/p>\n","protected":false},"author":9,"featured_media":108834,"comment_status":"closed","ping_status":"closed","sticky":false,"template":"","format":"standard","meta":{"footnotes":""},"categories":[5],"tags":[],"class_list":["post-108833","post","type-post","status-publish","format-standard","has-post-thumbnail","hentry","category-salud"],"_links":{"self":[{"href":"https:\/\/sertv.gob.pa\/nacionalfm\/wp-json\/wp\/v2\/posts\/108833","targetHints":{"allow":["GET"]}}],"collection":[{"href":"https:\/\/sertv.gob.pa\/nacionalfm\/wp-json\/wp\/v2\/posts"}],"about":[{"href":"https:\/\/sertv.gob.pa\/nacionalfm\/wp-json\/wp\/v2\/types\/post"}],"author":[{"embeddable":true,"href":"https:\/\/sertv.gob.pa\/nacionalfm\/wp-json\/wp\/v2\/users\/9"}],"replies":[{"embeddable":true,"href":"https:\/\/sertv.gob.pa\/nacionalfm\/wp-json\/wp\/v2\/comments?post=108833"}],"version-history":[{"count":1,"href":"https:\/\/sertv.gob.pa\/nacionalfm\/wp-json\/wp\/v2\/posts\/108833\/revisions"}],"predecessor-version":[{"id":108835,"href":"https:\/\/sertv.gob.pa\/nacionalfm\/wp-json\/wp\/v2\/posts\/108833\/revisions\/108835"}],"wp:featuredmedia":[{"embeddable":true,"href":"https:\/\/sertv.gob.pa\/nacionalfm\/wp-json\/wp\/v2\/media\/108834"}],"wp:attachment":[{"href":"https:\/\/sertv.gob.pa\/nacionalfm\/wp-json\/wp\/v2\/media?parent=108833"}],"wp:term":[{"taxonomy":"category","embeddable":true,"href":"https:\/\/sertv.gob.pa\/nacionalfm\/wp-json\/wp\/v2\/categories?post=108833"},{"taxonomy":"post_tag","embeddable":true,"href":"https:\/\/sertv.gob.pa\/nacionalfm\/wp-json\/wp\/v2\/tags?post=108833"}],"curies":[{"name":"wp","href":"https:\/\/api.w.org\/{rel}","templated":true}]}}