{"id":108839,"date":"2025-06-10T13:46:46","date_gmt":"2025-06-10T18:46:46","guid":{"rendered":"https:\/\/sertv.gob.pa\/nacionalfm\/?p=108839"},"modified":"2025-06-10T13:46:46","modified_gmt":"2025-06-10T18:46:46","slug":"realizan-capacitacion-sobre-el-control-de-comercio-estrategico-en-sede-de-aduanas","status":"publish","type":"post","link":"https:\/\/sertv.gob.pa\/nacionalfm\/realizan-capacitacion-sobre-el-control-de-comercio-estrategico-en-sede-de-aduanas\/","title":{"rendered":"Realizan capacitaci\u00f3n sobre el Control de Comercio Estrat\u00e9gico, en sede de Aduanas"},"content":{"rendered":"<p><em><strong>En la sede central de la Autoridad Nacional de Aduanas de Panam\u00e1 (ANA), se desarrolla a partir del 9 al 13 de junio, una capacitaci\u00f3n dirigida a colaboradores de diversas \u00e1reas y recintos del pa\u00eds, principalmente aquellos que trabajan en primera l\u00ednea. Esta capacitaci\u00f3n, est\u00e1 enfocada en el Programa de Control de Exportaciones y Seguridad Fronteriza (EXBS, por sus siglas en ingl\u00e9s), programa que tiene como fin, prevenir la proliferaci\u00f3n de armas de destrucci\u00f3n masiva (ADM) y el traslado irresponsable de armas convencionales.<\/strong><\/em><\/p>\n<p><strong>Esta jornada formativa, fue inaugurada por el licenciado Reynaldo Bello, subdirector log\u00edstico, quien fue la persona encargada de dar la bienvenida a los participantes y resalt\u00f3 la importancia de este tipo de iniciativas. Bello, subray\u00f3 que, en esta ocasi\u00f3n, son los propios funcionarios de Aduanas, previamente entrenados por la Embajada de los Estados Unidos a trav\u00e9s del programa EXBS, quienes estar\u00e1n capacitando a sus compa\u00f1eros. \u201cEste enfoque, fortalece el sentido de pertenencia del recurso humano y representa uno de los pilares de esta administraci\u00f3n: la capacitaci\u00f3n continua\u201d, expres\u00f3.<\/strong><\/p>\n<p><strong>Para esta actividad, participan colaboradores de la Zona Central y Azuero, Zona Occidental, Puerto de Balboa, Puerto PSA, Panam\u00e1 Viejo, la Sede Central y de la Unidad de Perfilamiento y An\u00e1lisis de Protecci\u00f3n Fronteriza.<\/strong><\/p>\n<p><strong>Los entrenadores a cargo de esta capacitaci\u00f3n son: Alberto Ng y Yaricel Mena de la Oficina An\u00e1lisis de Riesgo, Isaac Rujano, del \u00c1rea de Capacitaci\u00f3n; Jos\u00e9 Aguilar, del Laboratorio; Evestania Escobar, de UNITEC; Marukell De Gracia, de UPR y Adolfo Rivera, del Aeropuerto de Albrook.<\/strong><\/p>\n","protected":false},"excerpt":{"rendered":"<p>En la sede central de la Autoridad Nacional de Aduanas <a href=\"https:\/\/sertv.gob.pa\/nacionalfm\/realizan-capacitacion-sobre-el-control-de-comercio-estrategico-en-sede-de-aduanas\/\"> [&#8230;]<\/a><\/p>\n","protected":false},"author":9,"featured_media":108840,"comment_status":"closed","ping_status":"closed","sticky":false,"template":"","format":"standard","meta":{"footnotes":""},"categories":[2],"tags":[],"class_list":["post-108839","post","type-post","status-publish","format-standard","has-post-thumbnail","hentry","category-nacionales"],"_links":{"self":[{"href":"https:\/\/sertv.gob.pa\/nacionalfm\/wp-json\/wp\/v2\/posts\/108839","targetHints":{"allow":["GET"]}}],"collection":[{"href":"https:\/\/sertv.gob.pa\/nacionalfm\/wp-json\/wp\/v2\/posts"}],"about":[{"href":"https:\/\/sertv.gob.pa\/nacionalfm\/wp-json\/wp\/v2\/types\/post"}],"author":[{"embeddable":true,"href":"https:\/\/sertv.gob.pa\/nacionalfm\/wp-json\/wp\/v2\/users\/9"}],"replies":[{"embeddable":true,"href":"https:\/\/sertv.gob.pa\/nacionalfm\/wp-json\/wp\/v2\/comments?post=108839"}],"version-history":[{"count":1,"href":"https:\/\/sertv.gob.pa\/nacionalfm\/wp-json\/wp\/v2\/posts\/108839\/revisions"}],"predecessor-version":[{"id":108841,"href":"https:\/\/sertv.gob.pa\/nacionalfm\/wp-json\/wp\/v2\/posts\/108839\/revisions\/108841"}],"wp:featuredmedia":[{"embeddable":true,"href":"https:\/\/sertv.gob.pa\/nacionalfm\/wp-json\/wp\/v2\/media\/108840"}],"wp:attachment":[{"href":"https:\/\/sertv.gob.pa\/nacionalfm\/wp-json\/wp\/v2\/media?parent=108839"}],"wp:term":[{"taxonomy":"category","embeddable":true,"href":"https:\/\/sertv.gob.pa\/nacionalfm\/wp-json\/wp\/v2\/categories?post=108839"},{"taxonomy":"post_tag","embeddable":true,"href":"https:\/\/sertv.gob.pa\/nacionalfm\/wp-json\/wp\/v2\/tags?post=108839"}],"curies":[{"name":"wp","href":"https:\/\/api.w.org\/{rel}","templated":true}]}}