{"id":108843,"date":"2025-06-10T14:01:12","date_gmt":"2025-06-10T19:01:12","guid":{"rendered":"https:\/\/sertv.gob.pa\/nacionalfm\/?p=108843"},"modified":"2025-06-10T14:01:12","modified_gmt":"2025-06-10T19:01:12","slug":"la-alcaldia-de-panama-pide-donar-ropa-y-calzado-en-buen-estado-para-el-programa-humanitario-dejala-ir","status":"publish","type":"post","link":"https:\/\/sertv.gob.pa\/nacionalfm\/la-alcaldia-de-panama-pide-donar-ropa-y-calzado-en-buen-estado-para-el-programa-humanitario-dejala-ir\/","title":{"rendered":"La Alcald\u00eda de Panam\u00e1, pide donar ropa y calzado en buen estado para el programa humanitario \u201cD\u00e9jala ir\u201d"},"content":{"rendered":"<div><em><strong>La Alcald\u00eda de Panam\u00e1 invita a todas las personas que conservan ropa y calzado en buen estado que ya no utilizan, que no les quedan o que simplemente ocupan espacio a llevarlos a la estaci\u00f3n m\u00e1s cercana y \u201cD\u00e9jalos ir\u201d.<\/strong><\/em><\/div>\n<div><\/div>\n<div><strong>\u201cD\u00e9jala ir\u201d, el programa humanitario de recolecci\u00f3n de prendas de vestir, ha beneficiado a vecinos de la comunidad de Pueblo Nuevo de Pacora, superando la entrega de m\u00e1s de 100,000 piezas, que ahora tendr\u00e1n una nueva oportunidad.<\/strong><\/div>\n<div><\/div>\n<div><strong>Gracias a la colaboraci\u00f3n de la empresa Multimax, esta iniciativa impulsada por la Alcald\u00eda de Panam\u00e1 contin\u00faa creciendo y busca incorporar pr\u00f3ximamente art\u00edculos y enseres para el hogar.<\/strong><\/div>\n<div><\/div>\n<div><strong>Los buzones de recolecci\u00f3n est\u00e1n ubicados en:<\/strong><\/div>\n<div><strong>\u2022Multimax Calle 50<\/strong><\/div>\n<div><strong>\u2022Multimax Ricardo J. Alfaro<\/strong><\/div>\n<div><strong>\u2022Planta baja del edificio Hatillo<\/strong><\/div>\n<div><strong>\u2022Gimnasio Gringo de la Guardia, Parque Lefevre<\/strong><\/div>\n<div><strong>\u2022Gimnasio Heliodoro Pati\u00f1o, San Francisco<\/strong><\/div>\n<div><strong>\u2022Mercado Municipal de Alcalde D\u00edaz<\/strong><\/div>\n<div><strong>\u2022Gazebo del Parque Urrac\u00e1, Bella Vista<\/strong><\/div>\n<div><strong>\u2022Parque Andr\u00e9s Bello, V\u00eda Argentina, Bella Vista<\/strong><\/div>\n<div><strong>\u2022Parque Heliodoro Pati\u00f1o, Juan D\u00edaz<\/strong><\/div>\n","protected":false},"excerpt":{"rendered":"<p>La Alcald\u00eda de Panam\u00e1 invita a todas las personas que <a href=\"https:\/\/sertv.gob.pa\/nacionalfm\/la-alcaldia-de-panama-pide-donar-ropa-y-calzado-en-buen-estado-para-el-programa-humanitario-dejala-ir\/\"> [&#8230;]<\/a><\/p>\n","protected":false},"author":9,"featured_media":108844,"comment_status":"closed","ping_status":"closed","sticky":false,"template":"","format":"standard","meta":{"footnotes":""},"categories":[2],"tags":[],"class_list":["post-108843","post","type-post","status-publish","format-standard","has-post-thumbnail","hentry","category-nacionales"],"_links":{"self":[{"href":"https:\/\/sertv.gob.pa\/nacionalfm\/wp-json\/wp\/v2\/posts\/108843","targetHints":{"allow":["GET"]}}],"collection":[{"href":"https:\/\/sertv.gob.pa\/nacionalfm\/wp-json\/wp\/v2\/posts"}],"about":[{"href":"https:\/\/sertv.gob.pa\/nacionalfm\/wp-json\/wp\/v2\/types\/post"}],"author":[{"embeddable":true,"href":"https:\/\/sertv.gob.pa\/nacionalfm\/wp-json\/wp\/v2\/users\/9"}],"replies":[{"embeddable":true,"href":"https:\/\/sertv.gob.pa\/nacionalfm\/wp-json\/wp\/v2\/comments?post=108843"}],"version-history":[{"count":1,"href":"https:\/\/sertv.gob.pa\/nacionalfm\/wp-json\/wp\/v2\/posts\/108843\/revisions"}],"predecessor-version":[{"id":108845,"href":"https:\/\/sertv.gob.pa\/nacionalfm\/wp-json\/wp\/v2\/posts\/108843\/revisions\/108845"}],"wp:featuredmedia":[{"embeddable":true,"href":"https:\/\/sertv.gob.pa\/nacionalfm\/wp-json\/wp\/v2\/media\/108844"}],"wp:attachment":[{"href":"https:\/\/sertv.gob.pa\/nacionalfm\/wp-json\/wp\/v2\/media?parent=108843"}],"wp:term":[{"taxonomy":"category","embeddable":true,"href":"https:\/\/sertv.gob.pa\/nacionalfm\/wp-json\/wp\/v2\/categories?post=108843"},{"taxonomy":"post_tag","embeddable":true,"href":"https:\/\/sertv.gob.pa\/nacionalfm\/wp-json\/wp\/v2\/tags?post=108843"}],"curies":[{"name":"wp","href":"https:\/\/api.w.org\/{rel}","templated":true}]}}