{"id":108846,"date":"2025-06-10T14:23:08","date_gmt":"2025-06-10T19:23:08","guid":{"rendered":"https:\/\/sertv.gob.pa\/nacionalfm\/?p=108846"},"modified":"2025-06-10T14:23:08","modified_gmt":"2025-06-10T19:23:08","slug":"organismos-internacionales-se-interesan-por-desarrollo-de-proyectos-en-la-provincia-de-darien-y-colon","status":"publish","type":"post","link":"https:\/\/sertv.gob.pa\/nacionalfm\/organismos-internacionales-se-interesan-por-desarrollo-de-proyectos-en-la-provincia-de-darien-y-colon\/","title":{"rendered":"Organismos Internacionales se interesan por desarrollo de proyectos en la provincia de Dari\u00e9n y Col\u00f3n"},"content":{"rendered":"<p><em><strong>La ministra de Gobierno de Panam\u00e1 (MINGOB), Dinoska Montalvo, se reuni\u00f3 recientemente, con representantes de diversos Organismos Internacionales a fin de escuchar y conocer los proyectos de desarrollo que ser\u00e1n de beneficio para las comunidades en la provincia de Dari\u00e9n y Col\u00f3n.<\/strong><\/em><\/p>\n<p><strong>Durante la pl\u00e1ticha, la ministra Montalvo, quien estuvo acompa\u00f1ada de Azihra Vald\u00e9s, directora Nacional para la Prevenci\u00f3n de la Delincuencia Juvenil (DIPRED), se le presentaron las iniciativas a favor de los pueblos ind\u00edgenas, con relaci\u00f3n al fortalecimiento, planificaci\u00f3n, prevenci\u00f3n, seguridad, salud, educaci\u00f3n y las preocupaciones que tienen las comunidades.<\/strong><\/p>\n<p><strong>En tanto que, Vald\u00e9s, indic\u00f3 que, el MINGOB, trabaja en diversos programas a favor de los ni\u00f1os y j\u00f3venes, dando como resultado que tengan un cambio de actitud y evoluci\u00f3n.<\/strong><\/p>\n<p><strong>Para esta reuni\u00f3n, se cont\u00f3 con la presencia de Ana Gra\u00e7a de Portugal, coordinadora presidenta de la ONU en Panam\u00e1, Edith Castillo, representante del Fondo de Poblaci\u00f3n de las Naciones Unidas (UNFPA), Giuseppe Loprete, representante de la Organizaci\u00f3n Internacional para las Migraciones (OIM), Sandie Blanchet como nueva Representante de UNICEF en Panam\u00e1 y Vicente Ter\u00e1n, Representante adjunto de UNICEF.<\/strong><\/p>\n","protected":false},"excerpt":{"rendered":"<p>La ministra de Gobierno de Panam\u00e1 (MINGOB), Dinoska Montalvo, se <a href=\"https:\/\/sertv.gob.pa\/nacionalfm\/organismos-internacionales-se-interesan-por-desarrollo-de-proyectos-en-la-provincia-de-darien-y-colon\/\"> [&#8230;]<\/a><\/p>\n","protected":false},"author":9,"featured_media":108847,"comment_status":"closed","ping_status":"closed","sticky":false,"template":"","format":"standard","meta":{"footnotes":""},"categories":[2],"tags":[],"class_list":["post-108846","post","type-post","status-publish","format-standard","has-post-thumbnail","hentry","category-nacionales"],"_links":{"self":[{"href":"https:\/\/sertv.gob.pa\/nacionalfm\/wp-json\/wp\/v2\/posts\/108846","targetHints":{"allow":["GET"]}}],"collection":[{"href":"https:\/\/sertv.gob.pa\/nacionalfm\/wp-json\/wp\/v2\/posts"}],"about":[{"href":"https:\/\/sertv.gob.pa\/nacionalfm\/wp-json\/wp\/v2\/types\/post"}],"author":[{"embeddable":true,"href":"https:\/\/sertv.gob.pa\/nacionalfm\/wp-json\/wp\/v2\/users\/9"}],"replies":[{"embeddable":true,"href":"https:\/\/sertv.gob.pa\/nacionalfm\/wp-json\/wp\/v2\/comments?post=108846"}],"version-history":[{"count":1,"href":"https:\/\/sertv.gob.pa\/nacionalfm\/wp-json\/wp\/v2\/posts\/108846\/revisions"}],"predecessor-version":[{"id":108848,"href":"https:\/\/sertv.gob.pa\/nacionalfm\/wp-json\/wp\/v2\/posts\/108846\/revisions\/108848"}],"wp:featuredmedia":[{"embeddable":true,"href":"https:\/\/sertv.gob.pa\/nacionalfm\/wp-json\/wp\/v2\/media\/108847"}],"wp:attachment":[{"href":"https:\/\/sertv.gob.pa\/nacionalfm\/wp-json\/wp\/v2\/media?parent=108846"}],"wp:term":[{"taxonomy":"category","embeddable":true,"href":"https:\/\/sertv.gob.pa\/nacionalfm\/wp-json\/wp\/v2\/categories?post=108846"},{"taxonomy":"post_tag","embeddable":true,"href":"https:\/\/sertv.gob.pa\/nacionalfm\/wp-json\/wp\/v2\/tags?post=108846"}],"curies":[{"name":"wp","href":"https:\/\/api.w.org\/{rel}","templated":true}]}}