{"id":108860,"date":"2025-06-11T08:50:05","date_gmt":"2025-06-11T13:50:05","guid":{"rendered":"https:\/\/sertv.gob.pa\/nacionalfm\/?p=108860"},"modified":"2025-06-11T08:50:05","modified_gmt":"2025-06-11T13:50:05","slug":"resultados-de-la-sesion-del-consejo-de-gabinete","status":"publish","type":"post","link":"https:\/\/sertv.gob.pa\/nacionalfm\/resultados-de-la-sesion-del-consejo-de-gabinete\/","title":{"rendered":"Resultados de la sesi\u00f3n del Consejo de Gabinete"},"content":{"rendered":"<p><em><strong>Autorizan incremento de aportes del Estado para evitar un aumento de la tarifa el\u00e9ctrica<\/strong><\/em><\/p>\n<p>-Tambi\u00e9n se extiende compensaci\u00f3n para clientes de EDECHI hasta diciembre de 2025.-<\/p>\n<p>El Consejo de Gabinete aprob\u00f3 la Resoluci\u00f3n N. 67-25, que adiciona el numeral 22 al art\u00edculo 1 de la Resoluci\u00f3n de Gabinete N\u00b0 60 de 23 de junio de 2015 y sus modificaciones, mediante la cual se autoriza a la Autoridad Nacional de los Servicios P\u00fablicos (ASEP) a implementar el esquema que ser\u00e1 adoptado de manera temporal por el Estado, en concepto de aportes adicionales al Fondo de Estabilizaci\u00f3n Tarifaria (FET), as\u00ed como las tarifas de energ\u00eda el\u00e9ctrica que se aplicar\u00e1n a los clientes finales para el periodo comprendido entre el 1 de julio al 31 de diciembre de 2025.<\/p>\n<p>Tras una revisi\u00f3n realizada por la ASEP y el Ministerio de Econom\u00eda y Finanzas (MEF), se determin\u00f3 la necesidad de adecuar el esquema aprobado mediante la Resoluci\u00f3n de Gabinete N\u00b0 60 de 23 de junio de 2015 y sus modificaciones, a fin de mitigar el impacto econ\u00f3mico producido por las circunstancias ex\u00f3genas al mercado y considerando la actualizaci\u00f3n semestral regular de las tarifas, y que as\u00ed los clientes finales regulados del servicio de electricidad no se vean afectados por un cambio dr\u00e1stico en el alza de sus facturas durante los meses de julio a diciembre de 2025.<\/p>\n<p>Con ello, la ASEP deber\u00e1 implementar el esquema que ser\u00e1 adoptado de manera temporal, en calidad de aportes adicionales del Estado a trav\u00e9s del Fondo de Estabilizaci\u00f3n Tarifaria (FET), as\u00ed como de las Tarifas de Energ\u00eda El\u00e9ctrica que se aplicar\u00e1n a los clientes finales.<\/p>\n<p>Los aportes adicionales del Estado al Fondo de Estabilizaci\u00f3n Tarifaria, para el periodo comprendido entre el 1 de julio al 31 de diciembre de 2025, ascienden aproximadamente a B\/.170,000,000.00.<\/p>\n<p>Este martes, tambi\u00e9n el Consejo de Gabinete, aprob\u00f3 la Resoluci\u00f3n N. 68-25, por la cual se extiende la vigencia del esquema adoptado por el Estado mediante la Resoluci\u00f3n de Gabinete N\u00b0 60 de 23 de junio de 2015 y sus modificaciones, en concepto de los Aportes del Fondo Tarifario de Occidente (FTO), hasta el 31 de diciembre de 2025.<\/p>\n<p>Esto es con el objetivo de estabilizar los precios de la energ\u00eda a los clientes de la Empresa de Distribuci\u00f3n El\u00e9ctrica, S.A. (EDECHI) mediante la transferencia de fondos a fin de que sean traspasados en su totalidad a los clientes finales.<\/p>\n<p>Este beneficio se determin\u00f3 desde 2015 para los clientes del \u00e1rea de Almirante, Guabito, Las Tablas, Changuinola y \u00e1reas circunvecinas. Se estableci\u00f3 que mientras se hagan las adecuaciones necesarias para mejorar la calidad del suministro de electricidad, se les mantendr\u00e1 las tarifas que actualmente pagan los clientes de EDECHI en estas \u00e1reas, y la diferencia con la tarifa a costo real aprobada correspondiente ser\u00e1 asumida por el Estado.<\/p>\n<p>\u201cTomando en cuenta la proximidad del vencimiento de la medida, se ha considerado que es necesario prolongar la misma para que los clientes finales de EDECHI a los que se les aplica este beneficio contin\u00faen recibi\u00e9ndolo en su factura mensual de electricidad, hasta el 31 de diciembre de 2025\u201d, sostiene la Resoluci\u00f3n aprobada hoy por el Consejo de Gabinete.<\/p>\n<p>El pasado 29 de mayo, el Consejo Econ\u00f3mico Nacional, emiti\u00f3 opini\u00f3n favorable a la extensi\u00f3n de estos beneficios.<\/p>\n<p><em><strong>Gobierno de Panam\u00e1 impulsa acciones para estabilizar el marco fiscal y proteger la sostenibilidad financiera del pa\u00eds<\/strong><\/em><\/p>\n<p>Como parte de una reestructuraci\u00f3n del Presupuesto General del Estado para la vigencia fiscal 2025, el ministro de Econom\u00eda y Finanzas, Felipe Chapman, anunci\u00f3 este martes, en conferencia de prensa, que el Consejo de Gabinete, aprob\u00f3 la Resoluci\u00f3n 57-25 que establece un conjunto de medidas administrativas y fiscales para la contenci\u00f3n del gasto p\u00fablico.<\/p>\n<p>La decisi\u00f3n, sustentada en las disposiciones de la Constituci\u00f3n Nacional, la Ley de Responsabilidad Social Fiscal y la Ley del Presupuesto General del Estado, responde a un escenario fiscal donde los ingresos disponibles son inferiores al total de los gastos autorizados.<\/p>\n<p>Seg\u00fan explic\u00f3 el ministro Chapman, se adoptar\u00e1 un plan de ajuste que contempla una reducci\u00f3n de hasta B\/.1,900 millones, distribuidos entre gastos de funcionamiento e inversi\u00f3n. Del total, B\/.426.5 millones corresponden a funcionamiento y B\/.1,473.5 millones a inversi\u00f3n.<\/p>\n<p>\u201cEl objetivo es garantizar una pol\u00edtica fiscal prudente y sostenible, respetando el l\u00edmite m\u00e1ximo de d\u00e9ficit fiscal permitido para este a\u00f1o, que es del 4% del Balance Fiscal del Sector P\u00fablico No Financiero\u201d, puntualiz\u00f3 Chapman.<\/p>\n<p>La mayor parte del recorte afecta al Gobierno Central, con una disminuci\u00f3n de B\/.1,536 millones, seguida de las instituciones descentralizadas (B\/.298.8 millones), los intermediarios financieros (B\/.36.5 millones) y las empresas p\u00fablicas (B\/.28.7 millones).<\/p>\n<p>Las medidas ser\u00e1n implementadas por el Ministerio de Econom\u00eda y Finanzas en coordinaci\u00f3n con las entidades p\u00fablicas correspondientes, quienes deber\u00e1n realizar las modificaciones presupuestarias necesarias. La resoluci\u00f3n del Gabinete ser\u00e1 enviada a la Comisi\u00f3n de Presupuesto de la Asamblea Nacional, a la Contralor\u00eda General de la Rep\u00fablica y a otras instancias competentes.<\/p>\n<p>Chapman, reiter\u00f3 que, la contenci\u00f3n del gasto es una medida necesaria para preservar la estabilidad fiscal del pa\u00eds ante una disminuci\u00f3n proyectada en los ingresos del Estado, subrayando que el Gobierno mantiene el compromiso de ejecutar pol\u00edticas responsables que aseguren el desarrollo econ\u00f3mico y el cumplimiento de las metas sociales.<\/p>\n<p>Los ajustes salariales autom\u00e1ticos han crecido a un ritmo superior al de los ingresos p\u00fablicos, al gasto general del gobierno y a la inflaci\u00f3n. En el \u00faltimo a\u00f1o, han representado un costo fiscal de US$324 millones, adem\u00e1s que otros gastos r\u00edgidos ascendieron a US$1,282 millones.<\/p>\n<p>En los \u00faltimos cinco a\u00f1os, el impacto acumulado de los aumentos salariales autom\u00e1ticos ha alcanzado los US$1,381 millones. De mantenerse esta tendencia, sin una revisi\u00f3n normativa que limite los incrementos autom\u00e1ticos, se proyecta que el costo acumulado de estas disposiciones podr\u00eda superar los US$10,000 millones hacia el a\u00f1o 2030, comprometiendo gravemente la sostenibilidad fiscal del pa\u00eds.<\/p>\n<p>Al buscar una soluci\u00f3n al desbalance fiscal, se ha priorizado no afectar a sectores de ingresos medios y bajos del pa\u00eds, atendidos con subsidios primordialmente al hogar, como la tarifa al consumo el\u00e9ctrico, gas de cocinar, programa 120 a los 65, red de oportunidades, becas, subsidio al transporte, inter\u00e9s preferencial para adquisici\u00f3n de viviendas para la familia paname\u00f1a, entre otros.<\/p>\n","protected":false},"excerpt":{"rendered":"<p>Autorizan incremento de aportes del Estado para evitar un aumento <a href=\"https:\/\/sertv.gob.pa\/nacionalfm\/resultados-de-la-sesion-del-consejo-de-gabinete\/\"> [&#8230;]<\/a><\/p>\n","protected":false},"author":9,"featured_media":102813,"comment_status":"closed","ping_status":"closed","sticky":false,"template":"","format":"standard","meta":{"footnotes":""},"categories":[2],"tags":[],"class_list":["post-108860","post","type-post","status-publish","format-standard","has-post-thumbnail","hentry","category-nacionales"],"_links":{"self":[{"href":"https:\/\/sertv.gob.pa\/nacionalfm\/wp-json\/wp\/v2\/posts\/108860","targetHints":{"allow":["GET"]}}],"collection":[{"href":"https:\/\/sertv.gob.pa\/nacionalfm\/wp-json\/wp\/v2\/posts"}],"about":[{"href":"https:\/\/sertv.gob.pa\/nacionalfm\/wp-json\/wp\/v2\/types\/post"}],"author":[{"embeddable":true,"href":"https:\/\/sertv.gob.pa\/nacionalfm\/wp-json\/wp\/v2\/users\/9"}],"replies":[{"embeddable":true,"href":"https:\/\/sertv.gob.pa\/nacionalfm\/wp-json\/wp\/v2\/comments?post=108860"}],"version-history":[{"count":2,"href":"https:\/\/sertv.gob.pa\/nacionalfm\/wp-json\/wp\/v2\/posts\/108860\/revisions"}],"predecessor-version":[{"id":108862,"href":"https:\/\/sertv.gob.pa\/nacionalfm\/wp-json\/wp\/v2\/posts\/108860\/revisions\/108862"}],"wp:featuredmedia":[{"embeddable":true,"href":"https:\/\/sertv.gob.pa\/nacionalfm\/wp-json\/wp\/v2\/media\/102813"}],"wp:attachment":[{"href":"https:\/\/sertv.gob.pa\/nacionalfm\/wp-json\/wp\/v2\/media?parent=108860"}],"wp:term":[{"taxonomy":"category","embeddable":true,"href":"https:\/\/sertv.gob.pa\/nacionalfm\/wp-json\/wp\/v2\/categories?post=108860"},{"taxonomy":"post_tag","embeddable":true,"href":"https:\/\/sertv.gob.pa\/nacionalfm\/wp-json\/wp\/v2\/tags?post=108860"}],"curies":[{"name":"wp","href":"https:\/\/api.w.org\/{rel}","templated":true}]}}