{"id":108863,"date":"2025-06-11T09:32:28","date_gmt":"2025-06-11T14:32:28","guid":{"rendered":"https:\/\/sertv.gob.pa\/nacionalfm\/?p=108863"},"modified":"2025-06-11T09:32:28","modified_gmt":"2025-06-11T14:32:28","slug":"autoridades-del-mop-buscan-priorizar-y-reactivar-proyectos-viales-por-mas-de-b-590-millones","status":"publish","type":"post","link":"https:\/\/sertv.gob.pa\/nacionalfm\/autoridades-del-mop-buscan-priorizar-y-reactivar-proyectos-viales-por-mas-de-b-590-millones\/","title":{"rendered":"Autoridades del MOP, buscan priorizar y reactivar proyectos viales por m\u00e1s de B\/.590 millones"},"content":{"rendered":"<p><em><strong>El ministro de Obras P\u00fablicas de Panam\u00e1, Jos\u00e9 Luis Andrade, present\u00f3 un informe en el que registra gestiones de proyectos por m\u00e1s de B\/.453 millones a la fecha y se espera licitar \u2014antes de que finalice este 2025\u2014 un grupo de obras m\u00e1s por B\/.136 millones adicionales en todo el pa\u00eds, que lograr\u00e1n un gran impacto para los paname\u00f1os, en mano de obra directa de 15 mil plazas de empleo y 30 mil indirectas.<\/strong><\/em><\/p>\n<p><strong>En este informe, el ministro Andrade, detall\u00f3 que, se refleja una gesti\u00f3n eficiente, orientada al fortalecimiento de la infraestructura nacional y a la reactivaci\u00f3n econ\u00f3mica del pa\u00eds, que se ha caracterizado por visibles avances en obras de rehabilitaci\u00f3n, mantenimiento y ampliaci\u00f3n de la red vial a nivel nacional, entre ellas, el cuarto puente sobre el Canal, que se retom\u00f3 luego de 4 a\u00f1os de retraso, hasta llevarlo a un avance f\u00edsico del 20.34%.<\/strong><\/p>\n<p><strong>De gual forma, explic\u00f3 que, se priorizaron los proyectos de emergencias y la ejecuci\u00f3n de obras clave de infraestructura, como la inversi\u00f3n de B\/.100 millones para el Proyecto Tapahuecos, el mantenimiento de la carretera Panamericana y la rehabilitaci\u00f3n de la v\u00eda Centenario.<\/strong><\/p>\n<p><strong>Tambi\u00e9n, hizo referencia a la respuesta inmediata de ocurrencias ambientales por las intensas lluvias que provocaron deslaves, hundimientos y fracturas de suelos que dejaron v\u00edas incomunicadas (oct-nov 2024), situaci\u00f3n que llev\u00f3 a la declaratoria de emergencia nacional, con la inversi\u00f3n de B\/.120 millones.<\/strong><\/p>\n<p><strong>Igualmente, la reactivaci\u00f3n \u2014tras 7 a\u00f1os detenido\u2014 del intercambiador de Chitr\u00e9, que pas\u00f3 de un 24% de avance al 72% en menos de un a\u00f1o. Esta obra, beneficiar\u00e1 a 242 mil personas y su entrega est\u00e1 prevista para finales del 2025.<\/strong><\/p>\n<p><strong>Con respecto al Corredor de Las Playas, el ministro, habl\u00f3 de la culminaci\u00f3n de los 6 carriles desde la autopista Arraij\u00e1n \u2013 La Chorrera, con el nuevo anuncio de la continuaci\u00f3n de este corredor con la variante de Campana a trav\u00e9s de un viaducto como intercambiadores, con inversi\u00f3n inicial de B\/.250 millones y fecha de inicio en el 2026.<\/strong><\/p>\n<p><strong>Sobre la Ruta Natural del Caribe, Andrade, mencion\u00f3 que, se avanza con un 29% en esta obra, que comprende retornos sobre la v\u00eda Trans\u00edstmica: en Mar\u00eda Chiquita, Quebrada Ancha \u2013 Mar\u00eda Chiquita (Santa Rita \u2013 Mar\u00eda Chiquita).<\/strong><\/p>\n<p><strong>Cabe resaltar, que entre otros logros, se reactivaron 4 plantas de asfalto (Cocl\u00e9, Los Santos, Chiriqu\u00ed y Panam\u00e1 Oeste), adem\u00e1s de 4 canteras, con producci\u00f3n de m\u00e1s de 42 mil toneladas de asfalto hasta la fecha, distribuidas a lo largo del territorio nacional. Se tiene prevista la construcci\u00f3n y mantenimiento de 40 puentes con cuadrillas del MOP, de ellos 11 finalizados y 8 en construcci\u00f3n.<\/strong><\/p>\n<p><strong>Adem\u00e1s, otras obras para las cuales se tiene un presupuesto por B\/.80 millones por inicio o refrendo son: el dise\u00f1o y construcci\u00f3n para la rehabilitaci\u00f3n de la carretera entre la v\u00eda Centenario &#8211; Nuevo Emperador (Forestal &#8211; Arraij\u00e1n), mantenimiento de los caminos San Jos\u00e9 &#8211; Calidonia \u2013 Platanares \u2013 Pixbae, de la carretera El Llano &#8211; Puerto Cart\u00ed y la interconexi\u00f3n Cinta Costera 3 &#8211; Calzada de Amador.<\/strong><\/p>\n","protected":false},"excerpt":{"rendered":"<p>El ministro de Obras P\u00fablicas de Panam\u00e1, Jos\u00e9 Luis Andrade, <a href=\"https:\/\/sertv.gob.pa\/nacionalfm\/autoridades-del-mop-buscan-priorizar-y-reactivar-proyectos-viales-por-mas-de-b-590-millones\/\"> [&#8230;]<\/a><\/p>\n","protected":false},"author":9,"featured_media":108864,"comment_status":"closed","ping_status":"closed","sticky":false,"template":"","format":"standard","meta":{"footnotes":""},"categories":[2],"tags":[],"class_list":["post-108863","post","type-post","status-publish","format-standard","has-post-thumbnail","hentry","category-nacionales"],"_links":{"self":[{"href":"https:\/\/sertv.gob.pa\/nacionalfm\/wp-json\/wp\/v2\/posts\/108863","targetHints":{"allow":["GET"]}}],"collection":[{"href":"https:\/\/sertv.gob.pa\/nacionalfm\/wp-json\/wp\/v2\/posts"}],"about":[{"href":"https:\/\/sertv.gob.pa\/nacionalfm\/wp-json\/wp\/v2\/types\/post"}],"author":[{"embeddable":true,"href":"https:\/\/sertv.gob.pa\/nacionalfm\/wp-json\/wp\/v2\/users\/9"}],"replies":[{"embeddable":true,"href":"https:\/\/sertv.gob.pa\/nacionalfm\/wp-json\/wp\/v2\/comments?post=108863"}],"version-history":[{"count":1,"href":"https:\/\/sertv.gob.pa\/nacionalfm\/wp-json\/wp\/v2\/posts\/108863\/revisions"}],"predecessor-version":[{"id":108865,"href":"https:\/\/sertv.gob.pa\/nacionalfm\/wp-json\/wp\/v2\/posts\/108863\/revisions\/108865"}],"wp:featuredmedia":[{"embeddable":true,"href":"https:\/\/sertv.gob.pa\/nacionalfm\/wp-json\/wp\/v2\/media\/108864"}],"wp:attachment":[{"href":"https:\/\/sertv.gob.pa\/nacionalfm\/wp-json\/wp\/v2\/media?parent=108863"}],"wp:term":[{"taxonomy":"category","embeddable":true,"href":"https:\/\/sertv.gob.pa\/nacionalfm\/wp-json\/wp\/v2\/categories?post=108863"},{"taxonomy":"post_tag","embeddable":true,"href":"https:\/\/sertv.gob.pa\/nacionalfm\/wp-json\/wp\/v2\/tags?post=108863"}],"curies":[{"name":"wp","href":"https:\/\/api.w.org\/{rel}","templated":true}]}}