{"id":108866,"date":"2025-06-11T09:50:31","date_gmt":"2025-06-11T14:50:31","guid":{"rendered":"https:\/\/sertv.gob.pa\/nacionalfm\/?p=108866"},"modified":"2025-06-11T09:50:31","modified_gmt":"2025-06-11T14:50:31","slug":"comision-europea-recomienda-excluir-a-panama-de-la-lista-de-alto-riesgo","status":"publish","type":"post","link":"https:\/\/sertv.gob.pa\/nacionalfm\/comision-europea-recomienda-excluir-a-panama-de-la-lista-de-alto-riesgo\/","title":{"rendered":"Comisi\u00f3n Europea recomienda excluir a Panam\u00e1 de la lista de alto riesgo"},"content":{"rendered":"<p><em><strong>La Comisi\u00f3n de la Uni\u00f3n Europea recomend\u00f3 la exclusi\u00f3n de Panam\u00e1, de su lista de jurisdicciones de alto riesgo de blanqueo de capitales y financiamiento del terrorismo.<\/strong><\/em><\/p>\n<p><strong>Esta recomendaci\u00f3n se emiti\u00f3 mediante la actualizaci\u00f3n del Acto Delegado de la Comisi\u00f3n, que incluye modificaciones al listado de pa\u00edses, tanto en t\u00e9rminos de adiciones, como de exclusiones. Panam\u00e1, figura entre las jurisdicciones para ser retiradas de dicha lista.<\/strong><\/p>\n<p><strong>Para la elaboraci\u00f3n de esta actualizaci\u00f3n, la Comisi\u00f3n se bas\u00f3 en la informaci\u00f3n proporcionada por el Grupo de Acci\u00f3n Financiera Internacional (GAFI), organismo que excluy\u00f3 a Panam\u00e1, de su lista el pasado 27 de octubre de 2023.<\/strong><\/p>\n<p><strong>La propuesta deber\u00e1 ser ratificada por el Consejo de la Uni\u00f3n Europea y el Parlamento Europeo. En caso de no presentarse objeciones, la nueva lista entrar\u00e1 en vigor en el plazo de un mes.<\/strong><\/p>\n<p><strong>Panam\u00e1, contin\u00faa comprometida con la transparencia financiera internacional, y se mantiene reforzando su sistema nacional de prevenci\u00f3n contra el blanqueo de capitales y financiamiento del terrorismo.<\/strong><\/p>\n","protected":false},"excerpt":{"rendered":"<p>La Comisi\u00f3n de la Uni\u00f3n Europea recomend\u00f3 la exclusi\u00f3n de <a href=\"https:\/\/sertv.gob.pa\/nacionalfm\/comision-europea-recomienda-excluir-a-panama-de-la-lista-de-alto-riesgo\/\"> [&#8230;]<\/a><\/p>\n","protected":false},"author":9,"featured_media":108867,"comment_status":"closed","ping_status":"closed","sticky":false,"template":"","format":"standard","meta":{"footnotes":""},"categories":[2],"tags":[],"class_list":["post-108866","post","type-post","status-publish","format-standard","has-post-thumbnail","hentry","category-nacionales"],"_links":{"self":[{"href":"https:\/\/sertv.gob.pa\/nacionalfm\/wp-json\/wp\/v2\/posts\/108866","targetHints":{"allow":["GET"]}}],"collection":[{"href":"https:\/\/sertv.gob.pa\/nacionalfm\/wp-json\/wp\/v2\/posts"}],"about":[{"href":"https:\/\/sertv.gob.pa\/nacionalfm\/wp-json\/wp\/v2\/types\/post"}],"author":[{"embeddable":true,"href":"https:\/\/sertv.gob.pa\/nacionalfm\/wp-json\/wp\/v2\/users\/9"}],"replies":[{"embeddable":true,"href":"https:\/\/sertv.gob.pa\/nacionalfm\/wp-json\/wp\/v2\/comments?post=108866"}],"version-history":[{"count":1,"href":"https:\/\/sertv.gob.pa\/nacionalfm\/wp-json\/wp\/v2\/posts\/108866\/revisions"}],"predecessor-version":[{"id":108868,"href":"https:\/\/sertv.gob.pa\/nacionalfm\/wp-json\/wp\/v2\/posts\/108866\/revisions\/108868"}],"wp:featuredmedia":[{"embeddable":true,"href":"https:\/\/sertv.gob.pa\/nacionalfm\/wp-json\/wp\/v2\/media\/108867"}],"wp:attachment":[{"href":"https:\/\/sertv.gob.pa\/nacionalfm\/wp-json\/wp\/v2\/media?parent=108866"}],"wp:term":[{"taxonomy":"category","embeddable":true,"href":"https:\/\/sertv.gob.pa\/nacionalfm\/wp-json\/wp\/v2\/categories?post=108866"},{"taxonomy":"post_tag","embeddable":true,"href":"https:\/\/sertv.gob.pa\/nacionalfm\/wp-json\/wp\/v2\/tags?post=108866"}],"curies":[{"name":"wp","href":"https:\/\/api.w.org\/{rel}","templated":true}]}}