{"id":108869,"date":"2025-06-11T10:32:54","date_gmt":"2025-06-11T15:32:54","guid":{"rendered":"https:\/\/sertv.gob.pa\/nacionalfm\/?p=108869"},"modified":"2025-06-11T10:32:54","modified_gmt":"2025-06-11T15:32:54","slug":"estudiantes-comienzan-pruebas-trimestrales-en-escuelas-oficiales-y-particulares-e-inician-evaluaciones","status":"publish","type":"post","link":"https:\/\/sertv.gob.pa\/nacionalfm\/estudiantes-comienzan-pruebas-trimestrales-en-escuelas-oficiales-y-particulares-e-inician-evaluaciones\/","title":{"rendered":"Estudiantes comienzan pruebas trimestrales en escuelas oficiales y particulares e inician evaluaciones"},"content":{"rendered":"<p><em><strong>Estudiantes de escuelas oficiales y particulares dieron comienzo a las pruebas trimestrales correspondientes al primer trimestre del a\u00f1o lectivo 2025.<\/strong><\/em><\/p>\n<p><strong>De igual manera, se est\u00e1n realizando evaluaciones, que se llevan a cabo, conforme al calendario escolar establecido, y permiten as\u00ed a los docentes, evaluar el progreso acad\u00e9mico de cada alumno, con el fin de ajustar sus estrategias de ense\u00f1anza.<\/strong><\/p>\n<p><strong>En relaci\u00f3n con esto, en el Instituto Rubiano, la subdirectora t\u00e9cnico docente, Idalia de D\u00edaz, destac\u00f3 que, m\u00e1s del 99% de los estudiantes de premedia y media, est\u00e1n presentando sus pruebas trimestrales, y aquellos que por diversas circunstancias no acuden, ser\u00e1n atendidos durante el transcurso de la semana.<\/strong><\/p>\n<p><strong>A su vez, el docente, Miguel Urrutia, revel\u00f3 que, existe un entusiasmo por parte de los estudiantes graduandos por culminar su bachillerato, acuden diariamente, cumplen con sus asignaciones, sus aspiraciones est\u00e1n enmarcadas en continuar sus estudios en las distintas universidades oficiales y particulares del pa\u00eds el pr\u00f3ximo a\u00f1o 2026.<\/strong><\/p>\n<p><strong>De igual manera, la directora de la Escuela Francisco Arias Paredes, Emigdalia Lasso, explic\u00f3 que, este martes, los docentes continuaron aplicando las pruebas trimestrales a los estudiantes sin ninguna dificultad.<\/strong><\/p>\n<p><strong>Explic\u00f3 adem\u00e1s, que desde que inici\u00f3 el trimestre, los maestros del nivel primario, buscan brindarles a sus alumnos una formaci\u00f3n integral, que desarrollen sus capacidades y habilidades que favorezcan su trayectoria acad\u00e9mica.<\/strong><\/p>\n<p><strong>El maestro Anthony Torres, se\u00f1al\u00f3 que, las evaluaciones educativas son cruciales para reforzar el conocimiento de los estudiantes, en este sentido, todos los docentes estamos aplicando las pruebas a los alumnos del nivel primario, con el apoyo de los padres de familia, estamos logrando nuestros objetivos.<\/strong><\/p>\n<p><strong>Culminado el primer trimestre del a\u00f1o escolar 2025, los estudiantes, tendr\u00e1n un receso escolar establecido del 16 al 20 de junio. Luego, iniciar\u00e1n el segundo trimestre desde el lunes 23 de junio al viernes 12 de septiembre (12 semanas) y el receso escolar de los estudiantes de este periodo comprende del lunes 15 de septiembre al viernes 19 de septiembre (1 semana).<\/strong><\/p>\n","protected":false},"excerpt":{"rendered":"<p>Estudiantes de escuelas oficiales y particulares dieron comienzo a las <a href=\"https:\/\/sertv.gob.pa\/nacionalfm\/estudiantes-comienzan-pruebas-trimestrales-en-escuelas-oficiales-y-particulares-e-inician-evaluaciones\/\"> [&#8230;]<\/a><\/p>\n","protected":false},"author":9,"featured_media":108870,"comment_status":"closed","ping_status":"closed","sticky":false,"template":"","format":"standard","meta":{"footnotes":""},"categories":[2],"tags":[],"class_list":["post-108869","post","type-post","status-publish","format-standard","has-post-thumbnail","hentry","category-nacionales"],"_links":{"self":[{"href":"https:\/\/sertv.gob.pa\/nacionalfm\/wp-json\/wp\/v2\/posts\/108869","targetHints":{"allow":["GET"]}}],"collection":[{"href":"https:\/\/sertv.gob.pa\/nacionalfm\/wp-json\/wp\/v2\/posts"}],"about":[{"href":"https:\/\/sertv.gob.pa\/nacionalfm\/wp-json\/wp\/v2\/types\/post"}],"author":[{"embeddable":true,"href":"https:\/\/sertv.gob.pa\/nacionalfm\/wp-json\/wp\/v2\/users\/9"}],"replies":[{"embeddable":true,"href":"https:\/\/sertv.gob.pa\/nacionalfm\/wp-json\/wp\/v2\/comments?post=108869"}],"version-history":[{"count":1,"href":"https:\/\/sertv.gob.pa\/nacionalfm\/wp-json\/wp\/v2\/posts\/108869\/revisions"}],"predecessor-version":[{"id":108871,"href":"https:\/\/sertv.gob.pa\/nacionalfm\/wp-json\/wp\/v2\/posts\/108869\/revisions\/108871"}],"wp:featuredmedia":[{"embeddable":true,"href":"https:\/\/sertv.gob.pa\/nacionalfm\/wp-json\/wp\/v2\/media\/108870"}],"wp:attachment":[{"href":"https:\/\/sertv.gob.pa\/nacionalfm\/wp-json\/wp\/v2\/media?parent=108869"}],"wp:term":[{"taxonomy":"category","embeddable":true,"href":"https:\/\/sertv.gob.pa\/nacionalfm\/wp-json\/wp\/v2\/categories?post=108869"},{"taxonomy":"post_tag","embeddable":true,"href":"https:\/\/sertv.gob.pa\/nacionalfm\/wp-json\/wp\/v2\/tags?post=108869"}],"curies":[{"name":"wp","href":"https:\/\/api.w.org\/{rel}","templated":true}]}}