{"id":108888,"date":"2025-06-11T13:21:23","date_gmt":"2025-06-11T18:21:23","guid":{"rendered":"https:\/\/sertv.gob.pa\/nacionalfm\/?p=108888"},"modified":"2025-06-11T13:21:23","modified_gmt":"2025-06-11T18:21:23","slug":"autoridades-de-miambiente-y-global-fishing-watch-buscan-en-conjunto-combatir-la-pesca-ilegal","status":"publish","type":"post","link":"https:\/\/sertv.gob.pa\/nacionalfm\/autoridades-de-miambiente-y-global-fishing-watch-buscan-en-conjunto-combatir-la-pesca-ilegal\/","title":{"rendered":"Autoridades de MiAMBIENTE Y Global Fishing Watch,  buscan en conjunto combatir la pesca ilegal"},"content":{"rendered":"<p><em><strong>Autoridades del Ministerio de Ambiente de Panam\u00e1 y la organizaci\u00f3n internacional Global Fishing Watch (GFW), firmaron en fecha reciente, un Memor\u00e1ndum de Entendimiento (MdE), el cual marca un paso decisivo hacia la protecci\u00f3n de la biodiversidad marina y la promoci\u00f3n de la transparencia en la gesti\u00f3n de los recursos pesqueros en Panam\u00e1.<\/strong><\/em><\/p>\n<p><strong>Este acuerdo, permitir\u00e1 a Panam\u00e1, acceder a tecnolog\u00eda satelital avanzada a fin de reforzar la fiscalizaci\u00f3n de sus aguas marinas y eliminar la pesca ilegal en \u00e1reas marinas protegidas. \u201cEl uso de herramientas tecnol\u00f3gicas de vanguardia nos permitir\u00e1 vigilar de forma m\u00e1s precisa nuestras zonas protegidas, detectar actividades pesqueras il\u00edcitas y avanzar en el manejo sostenible de los recursos marinos del pa\u00eds\u201d, expres\u00f3 el Ministro de Ambiente, Juan Carlos Navarro, durante la firma del acuerdo.<\/strong><\/p>\n<p><strong>La colaboraci\u00f3n con GFW, se enmarca en los compromisos nacionales e internacionales que ha asumido Panam\u00e1 en materia de protecci\u00f3n ambiental y conservaci\u00f3n marina. El MdE, hace referencia a principios constitucionales y tratados internacionales, como la Convenci\u00f3n de las Naciones Unidas sobre el Derecho del Mar, que obligan a los Estados a proteger y preservar el medio marino.<\/strong><\/p>\n<p><strong>Cabe mencionar, que luego de esto, MiAmbiente y GFW, establecer\u00e1n medidas m\u00e1s efectivas de conservaci\u00f3n, adem\u00e1s de fomentar la transparencia en la actividad pesquera.<\/strong><\/p>\n","protected":false},"excerpt":{"rendered":"<p>Autoridades del Ministerio de Ambiente de Panam\u00e1 y la organizaci\u00f3n <a href=\"https:\/\/sertv.gob.pa\/nacionalfm\/autoridades-de-miambiente-y-global-fishing-watch-buscan-en-conjunto-combatir-la-pesca-ilegal\/\"> [&#8230;]<\/a><\/p>\n","protected":false},"author":9,"featured_media":108889,"comment_status":"closed","ping_status":"closed","sticky":false,"template":"","format":"standard","meta":{"footnotes":""},"categories":[2],"tags":[],"class_list":["post-108888","post","type-post","status-publish","format-standard","has-post-thumbnail","hentry","category-nacionales"],"_links":{"self":[{"href":"https:\/\/sertv.gob.pa\/nacionalfm\/wp-json\/wp\/v2\/posts\/108888","targetHints":{"allow":["GET"]}}],"collection":[{"href":"https:\/\/sertv.gob.pa\/nacionalfm\/wp-json\/wp\/v2\/posts"}],"about":[{"href":"https:\/\/sertv.gob.pa\/nacionalfm\/wp-json\/wp\/v2\/types\/post"}],"author":[{"embeddable":true,"href":"https:\/\/sertv.gob.pa\/nacionalfm\/wp-json\/wp\/v2\/users\/9"}],"replies":[{"embeddable":true,"href":"https:\/\/sertv.gob.pa\/nacionalfm\/wp-json\/wp\/v2\/comments?post=108888"}],"version-history":[{"count":1,"href":"https:\/\/sertv.gob.pa\/nacionalfm\/wp-json\/wp\/v2\/posts\/108888\/revisions"}],"predecessor-version":[{"id":108890,"href":"https:\/\/sertv.gob.pa\/nacionalfm\/wp-json\/wp\/v2\/posts\/108888\/revisions\/108890"}],"wp:featuredmedia":[{"embeddable":true,"href":"https:\/\/sertv.gob.pa\/nacionalfm\/wp-json\/wp\/v2\/media\/108889"}],"wp:attachment":[{"href":"https:\/\/sertv.gob.pa\/nacionalfm\/wp-json\/wp\/v2\/media?parent=108888"}],"wp:term":[{"taxonomy":"category","embeddable":true,"href":"https:\/\/sertv.gob.pa\/nacionalfm\/wp-json\/wp\/v2\/categories?post=108888"},{"taxonomy":"post_tag","embeddable":true,"href":"https:\/\/sertv.gob.pa\/nacionalfm\/wp-json\/wp\/v2\/tags?post=108888"}],"curies":[{"name":"wp","href":"https:\/\/api.w.org\/{rel}","templated":true}]}}