{"id":108891,"date":"2025-06-11T14:01:55","date_gmt":"2025-06-11T19:01:55","guid":{"rendered":"https:\/\/sertv.gob.pa\/nacionalfm\/?p=108891"},"modified":"2025-06-11T14:01:55","modified_gmt":"2025-06-11T19:01:55","slug":"tras-revision-autoridades-retienen-dinero-en-terminal-aerea-panama-pacifico-y-tocumen","status":"publish","type":"post","link":"https:\/\/sertv.gob.pa\/nacionalfm\/tras-revision-autoridades-retienen-dinero-en-terminal-aerea-panama-pacifico-y-tocumen\/","title":{"rendered":"Tras revisi\u00f3n, autoridades retienen dinero en terminal a\u00e9rea Panam\u00e1 Pac\u00edfico y Tocumen"},"content":{"rendered":"<p><em><strong>La terminal a\u00e9rea de Panam\u00e1 Pac\u00edfico, fue el escenario en donde se le retuvo a un pasajero proveniente de la ciudad de Bogot\u00e1, 10 mil 745 d\u00f3lares americanos; parte del dinero estaba en su bolso personal y la otra la llevaba el hijo menor de edad que viajaba con \u00e9l.<\/strong><\/em><\/p>\n<p><strong>Por este motivo, el inspector de aduanas acompa\u00f1ado de personal de la DIJ, efectuaron una revisi\u00f3n secundaria y el conteo del dinero, ya que, el pasajero, afirm\u00f3 que solo tra\u00eda consigo 6 mil d\u00f3lares.<\/strong><\/p>\n<p><strong>Del mismo modo, en otro caso ocurrido en el aeropuerto de Tocumen, inspectores de Aduanas, le retuvieron a un ciudadano espa\u00f1ol que lleg\u00f3 a la terminal en un vuelo procedente de la ciudad de San Salvador,10 mil 95 Euros, unos 3 mil 575 d\u00f3lares USA que no declar\u00f3.<\/strong><\/p>\n<p>&nbsp;<\/p>\n","protected":false},"excerpt":{"rendered":"<p>La terminal a\u00e9rea de Panam\u00e1 Pac\u00edfico, fue el escenario en <a href=\"https:\/\/sertv.gob.pa\/nacionalfm\/tras-revision-autoridades-retienen-dinero-en-terminal-aerea-panama-pacifico-y-tocumen\/\"> [&#8230;]<\/a><\/p>\n","protected":false},"author":9,"featured_media":108892,"comment_status":"closed","ping_status":"closed","sticky":false,"template":"","format":"standard","meta":{"footnotes":""},"categories":[2],"tags":[],"class_list":["post-108891","post","type-post","status-publish","format-standard","has-post-thumbnail","hentry","category-nacionales"],"_links":{"self":[{"href":"https:\/\/sertv.gob.pa\/nacionalfm\/wp-json\/wp\/v2\/posts\/108891","targetHints":{"allow":["GET"]}}],"collection":[{"href":"https:\/\/sertv.gob.pa\/nacionalfm\/wp-json\/wp\/v2\/posts"}],"about":[{"href":"https:\/\/sertv.gob.pa\/nacionalfm\/wp-json\/wp\/v2\/types\/post"}],"author":[{"embeddable":true,"href":"https:\/\/sertv.gob.pa\/nacionalfm\/wp-json\/wp\/v2\/users\/9"}],"replies":[{"embeddable":true,"href":"https:\/\/sertv.gob.pa\/nacionalfm\/wp-json\/wp\/v2\/comments?post=108891"}],"version-history":[{"count":1,"href":"https:\/\/sertv.gob.pa\/nacionalfm\/wp-json\/wp\/v2\/posts\/108891\/revisions"}],"predecessor-version":[{"id":108893,"href":"https:\/\/sertv.gob.pa\/nacionalfm\/wp-json\/wp\/v2\/posts\/108891\/revisions\/108893"}],"wp:featuredmedia":[{"embeddable":true,"href":"https:\/\/sertv.gob.pa\/nacionalfm\/wp-json\/wp\/v2\/media\/108892"}],"wp:attachment":[{"href":"https:\/\/sertv.gob.pa\/nacionalfm\/wp-json\/wp\/v2\/media?parent=108891"}],"wp:term":[{"taxonomy":"category","embeddable":true,"href":"https:\/\/sertv.gob.pa\/nacionalfm\/wp-json\/wp\/v2\/categories?post=108891"},{"taxonomy":"post_tag","embeddable":true,"href":"https:\/\/sertv.gob.pa\/nacionalfm\/wp-json\/wp\/v2\/tags?post=108891"}],"curies":[{"name":"wp","href":"https:\/\/api.w.org\/{rel}","templated":true}]}}