{"id":108894,"date":"2025-06-11T14:38:40","date_gmt":"2025-06-11T19:38:40","guid":{"rendered":"https:\/\/sertv.gob.pa\/nacionalfm\/?p=108894"},"modified":"2025-06-11T14:38:40","modified_gmt":"2025-06-11T19:38:40","slug":"en-marcha-la-segunda-fase-de-mi-primer-empleo-con-apoyo-del-hotel-sheraton","status":"publish","type":"post","link":"https:\/\/sertv.gob.pa\/nacionalfm\/en-marcha-la-segunda-fase-de-mi-primer-empleo-con-apoyo-del-hotel-sheraton\/","title":{"rendered":"En marcha la segunda fase de Mi Primer Empleo, con apoyo del Hotel Sheraton"},"content":{"rendered":"<ul>\n<li><em><strong>Treinta j\u00f3venes capacitados por el Ministerio de Trabajo y Desarrollo Laboral de Panam\u00e1 (MITRADEL), fueron entrevistados por el Hotel Sheraton como parte de la segunda fase del programa Mi Primer Empleo, que impulsa nuevas oportunidades laborales para la juventud paname\u00f1a.<\/strong><\/em><\/li>\n<\/ul>\n<p><strong>Un grupo de 30 j\u00f3venes beneficiarios de la segunda fase del programa Mi Primer Empleo, se presentaron este martes, con esp\u00edritu entusiasta y gran determinaci\u00f3n, <\/strong><br \/>\n<strong>a su proceso de entrevistas laborales con el Hotel Sheraton, esto como parte de las oportunidades de inserci\u00f3n laboral que promueve el Gobierno Nacional de Panam\u00e1.<\/strong><\/p>\n<p><strong>Estos aspirantes, fueron en forma previa capacitados por el MITRADEL, en habilidades blandas, competencias para la vida y el \u00e1mbito laboral, una formaci\u00f3n que ya ha sido completada por 2,336 j\u00f3venes en todo el pa\u00eds.<\/strong><\/p>\n<p><strong>Durante el desarrollo de esta jornada, los j\u00f3venes aplicaron a posiciones como: housekeeping, botones, ayudante de cocina, camareros y asistentes en distintas \u00e1reas operativas del hotel.<\/strong><\/p>\n<p><strong>Para esta gesti\u00f3n, la ministra de Trabajo y Desarrollo Laboral de Panam\u00e1, Jackeline Mu\u00f1oz de Cede\u00f1o, acompa\u00f1\u00f3 el proceso e igualmente, escuch\u00f3 de primera mano, las aspiraciones de los j\u00f3venes, motiv\u00e1ndolos a aprovechar esta oportunidad. \u201cFelicidades, espero que a todos les vaya muy bien. Pongan lo mejor de ustedes; recuerden que el hecho de que los elijan y se queden trabajando depende del esfuerzo que le pongan\u201d, manifest\u00f3.<\/strong><\/p>\n<p><strong>Es importante enfatizar, que esta segunda fase del programa, contempla 2,780 nuevas plazas laborales, reafirmando el compromiso del presidente, Jos\u00e9 Ra\u00fal Mulino, con la creaci\u00f3n de empleo para la juventud paname\u00f1a y la reactivaci\u00f3n de la econom\u00eda nacional. En su primera etapa, el programa insert\u00f3 a 624 j\u00f3venes al mundo laboral, cambiando sus vidas y la de sus familias.<\/strong><\/p>\n<p><strong>No hay que olvidar que,\u00a0 para el MITRADEL, el objetivo primordial es generar empleos para los j\u00f3venes, fortalecer la empleabilidad, y crearles un mejor futuro, entre otras cosas.<\/strong><\/p>\n<p>&nbsp;<\/p>\n","protected":false},"excerpt":{"rendered":"<p>Treinta j\u00f3venes capacitados por el Ministerio de Trabajo y Desarrollo <a href=\"https:\/\/sertv.gob.pa\/nacionalfm\/en-marcha-la-segunda-fase-de-mi-primer-empleo-con-apoyo-del-hotel-sheraton\/\"> [&#8230;]<\/a><\/p>\n","protected":false},"author":9,"featured_media":108895,"comment_status":"closed","ping_status":"closed","sticky":false,"template":"","format":"standard","meta":{"footnotes":""},"categories":[2],"tags":[],"class_list":["post-108894","post","type-post","status-publish","format-standard","has-post-thumbnail","hentry","category-nacionales"],"_links":{"self":[{"href":"https:\/\/sertv.gob.pa\/nacionalfm\/wp-json\/wp\/v2\/posts\/108894","targetHints":{"allow":["GET"]}}],"collection":[{"href":"https:\/\/sertv.gob.pa\/nacionalfm\/wp-json\/wp\/v2\/posts"}],"about":[{"href":"https:\/\/sertv.gob.pa\/nacionalfm\/wp-json\/wp\/v2\/types\/post"}],"author":[{"embeddable":true,"href":"https:\/\/sertv.gob.pa\/nacionalfm\/wp-json\/wp\/v2\/users\/9"}],"replies":[{"embeddable":true,"href":"https:\/\/sertv.gob.pa\/nacionalfm\/wp-json\/wp\/v2\/comments?post=108894"}],"version-history":[{"count":1,"href":"https:\/\/sertv.gob.pa\/nacionalfm\/wp-json\/wp\/v2\/posts\/108894\/revisions"}],"predecessor-version":[{"id":108896,"href":"https:\/\/sertv.gob.pa\/nacionalfm\/wp-json\/wp\/v2\/posts\/108894\/revisions\/108896"}],"wp:featuredmedia":[{"embeddable":true,"href":"https:\/\/sertv.gob.pa\/nacionalfm\/wp-json\/wp\/v2\/media\/108895"}],"wp:attachment":[{"href":"https:\/\/sertv.gob.pa\/nacionalfm\/wp-json\/wp\/v2\/media?parent=108894"}],"wp:term":[{"taxonomy":"category","embeddable":true,"href":"https:\/\/sertv.gob.pa\/nacionalfm\/wp-json\/wp\/v2\/categories?post=108894"},{"taxonomy":"post_tag","embeddable":true,"href":"https:\/\/sertv.gob.pa\/nacionalfm\/wp-json\/wp\/v2\/tags?post=108894"}],"curies":[{"name":"wp","href":"https:\/\/api.w.org\/{rel}","templated":true}]}}