{"id":108897,"date":"2025-06-12T08:29:40","date_gmt":"2025-06-12T13:29:40","guid":{"rendered":"https:\/\/sertv.gob.pa\/nacionalfm\/?p=108897"},"modified":"2025-06-12T08:29:40","modified_gmt":"2025-06-12T13:29:40","slug":"panama-ratifica-en-conferencia-de-la-onu-su-firme-respaldo-a-las-personas-con-discapacidad","status":"publish","type":"post","link":"https:\/\/sertv.gob.pa\/nacionalfm\/panama-ratifica-en-conferencia-de-la-onu-su-firme-respaldo-a-las-personas-con-discapacidad\/","title":{"rendered":"Panam\u00e1 ratifica en Conferencia de la ONU, su firme respaldo a las personas con discapacidad"},"content":{"rendered":"<div class=\"fusion-fullwidth fullwidth-box fusion-builder-row-1 fusion-flex-container nonhundred-percent-fullwidth non-hundred-percent-height-scrolling\" style=\"--awb-border-radius-top-left:0px;--awb-border-radius-top-right:0px;--awb-border-radius-bottom-right:0px;--awb-border-radius-bottom-left:0px;--awb-flex-wrap:wrap;\" ><div class=\"fusion-builder-row fusion-row fusion-flex-align-items-flex-start fusion-flex-content-wrap\" style=\"max-width:1144px;margin-left: calc(-4% \/ 2 );margin-right: calc(-4% \/ 2 );\"><div class=\"fusion-layout-column fusion_builder_column fusion-builder-column-0 fusion_builder_column_1_1 1_1 fusion-flex-column\" style=\"--awb-bg-size:cover;--awb-width-large:100%;--awb-margin-top-large:0px;--awb-spacing-right-large:1.92%;--awb-margin-bottom-large:0px;--awb-spacing-left-large:1.92%;--awb-width-medium:100%;--awb-spacing-right-medium:1.92%;--awb-spacing-left-medium:1.92%;--awb-width-small:100%;--awb-spacing-right-small:1.92%;--awb-spacing-left-small:1.92%;\"><div class=\"fusion-column-wrapper fusion-flex-justify-content-flex-start fusion-content-layout-column\"><div class=\"fusion-text fusion-text-1\" style=\"--awb-content-alignment:justify;\"><p><em><strong>Durante la 18.\u00aa sesi\u00f3n de la Conferencia de los Estados Partes de la Convenci\u00f3n Internacional sobre los Derechos de las Personas con Discapacidad (CDPD) de la ONU, el embajador Eloy Alfaro, destac\u00f3 la firmeza de Panam\u00e1, con los principios de esta convenci\u00f3n, donde el Estado paname\u00f1o, ha asumido el compromiso de la plena inclusi\u00f3n de las personas con discapacidad.<\/strong><\/em><\/p>\n<p><strong>De igual manera, Alfaro, recalc\u00f3 que, Panam\u00e1, fue uno de los primeros pa\u00edses en firmar esta convenci\u00f3n, en 2007, reconociendo su car\u00e1cter transformador, por ello, como una visi\u00f3n de sostenibilidad inclusiva, se han concretado alianzas internacionales como es el desarrollo del plan nacional de accesibilidad universal con respaldo del Banco Mundial, as\u00ed como la formaci\u00f3n de t\u00e9cnicos y l\u00edderes del movimiento asociativo, a trav\u00e9s del programa conjunto de la ONU.<\/strong><\/p>\n<p><strong>\u201cHemos pasado de las palabras a la acci\u00f3n, con enfoque en derechos humanos, la participaci\u00f3n activa y equidad real. Hemos articulado acciones concretas para construir una sociedad m\u00e1s equitativa de las personas con discapacidad para que desarrollen su potencial, respetando las diferencias individuales sin dejar a nadie atr\u00e1s\u201d, sostuvo.<\/strong><\/p>\n<p><strong>Adem\u00e1s, el embajador, detall\u00f3 que, nuestro pa\u00eds ha impulsado un trabajo transversal, creando la oficina de equiparaci\u00f3n de oportunidades en instituciones nacionales y comarcales, garantizando una participaci\u00f3n m\u00e1s activa de las personas con discapacidad en la vida pol\u00edtica, econ\u00f3mica, social y cultural.<\/strong><\/p>\n<p><strong>Para este Congreso, Panam\u00e1, tambi\u00e9n estuvo representado, por Juanpi Dolande, activista por la inclusi\u00f3n, subrayando nuestro compromiso con una sociedad inclusiva, digna y con derechos para todos.<\/strong><\/p>\n<\/div><\/div><\/div><\/div><\/div>\n","protected":false},"excerpt":{"rendered":"","protected":false},"author":9,"featured_media":108898,"comment_status":"closed","ping_status":"closed","sticky":false,"template":"","format":"standard","meta":{"footnotes":""},"categories":[2],"tags":[],"class_list":["post-108897","post","type-post","status-publish","format-standard","has-post-thumbnail","hentry","category-nacionales"],"_links":{"self":[{"href":"https:\/\/sertv.gob.pa\/nacionalfm\/wp-json\/wp\/v2\/posts\/108897","targetHints":{"allow":["GET"]}}],"collection":[{"href":"https:\/\/sertv.gob.pa\/nacionalfm\/wp-json\/wp\/v2\/posts"}],"about":[{"href":"https:\/\/sertv.gob.pa\/nacionalfm\/wp-json\/wp\/v2\/types\/post"}],"author":[{"embeddable":true,"href":"https:\/\/sertv.gob.pa\/nacionalfm\/wp-json\/wp\/v2\/users\/9"}],"replies":[{"embeddable":true,"href":"https:\/\/sertv.gob.pa\/nacionalfm\/wp-json\/wp\/v2\/comments?post=108897"}],"version-history":[{"count":2,"href":"https:\/\/sertv.gob.pa\/nacionalfm\/wp-json\/wp\/v2\/posts\/108897\/revisions"}],"predecessor-version":[{"id":108900,"href":"https:\/\/sertv.gob.pa\/nacionalfm\/wp-json\/wp\/v2\/posts\/108897\/revisions\/108900"}],"wp:featuredmedia":[{"embeddable":true,"href":"https:\/\/sertv.gob.pa\/nacionalfm\/wp-json\/wp\/v2\/media\/108898"}],"wp:attachment":[{"href":"https:\/\/sertv.gob.pa\/nacionalfm\/wp-json\/wp\/v2\/media?parent=108897"}],"wp:term":[{"taxonomy":"category","embeddable":true,"href":"https:\/\/sertv.gob.pa\/nacionalfm\/wp-json\/wp\/v2\/categories?post=108897"},{"taxonomy":"post_tag","embeddable":true,"href":"https:\/\/sertv.gob.pa\/nacionalfm\/wp-json\/wp\/v2\/tags?post=108897"}],"curies":[{"name":"wp","href":"https:\/\/api.w.org\/{rel}","templated":true}]}}