{"id":108901,"date":"2025-06-12T09:49:47","date_gmt":"2025-06-12T14:49:47","guid":{"rendered":"https:\/\/sertv.gob.pa\/nacionalfm\/?p=108901"},"modified":"2025-06-12T09:49:47","modified_gmt":"2025-06-12T14:49:47","slug":"autoridades-del-meduca-en-paso-historico-firman-contrato-de-internet-para-centros-educativos-de-panama","status":"publish","type":"post","link":"https:\/\/sertv.gob.pa\/nacionalfm\/autoridades-del-meduca-en-paso-historico-firman-contrato-de-internet-para-centros-educativos-de-panama\/","title":{"rendered":"Autoridades del MEDUCA, en paso hist\u00f3rico, firman contrato de internet para centros educativos de Panam\u00e1"},"content":{"rendered":"<p><strong>Por primera vez en la historia, Panam\u00e1, ha dado un paso trascendental hacia la conectividad, en los centros educativos oficiales del pa\u00eds, puesto que: el Ministerio de Educaci\u00f3n de Panam\u00e1 (MEDUCA), firm\u00f3 un contrato sin precedentes con la empresa Cable &amp; Wireless Panam\u00e1 (+M\u00f3vil), a fin de llevar internet de alta velocidad a todas las escuelas del territorio nacional.<\/strong><\/p>\n<p><strong>Con este hito, se da el cierre de una larga brecha tecnol\u00f3gica y a su vez, el comienzo de una nueva era de aprendizaje, inclusi\u00f3n, innovaci\u00f3n y desarrollo para miles de estudiantes y docentes. Con este proyecto, los alumnos de 3,102 planteles escolares resultar\u00e1n beneficiados con un servicio de internet de calidad, puesto que as\u00ed, har\u00e1n de la tecnolog\u00eda, una verdadera aliada del conocimiento, el progreso y la igualdad de oportunidades.<\/strong><\/p>\n<p><strong>Cabe resaltar, que el contrato, el cual favorecer\u00e1 a m\u00e1s de 800 mil estudiantes, tiene como fin, la adquisici\u00f3n, instalaci\u00f3n, configuraci\u00f3n y puesta en funcionamiento, del servicio de internet en las escuelas de las 16 regiones escolares.<\/strong><\/p>\n<p><strong>En lo concerniente, la ministra de Educaci\u00f3n de Panam\u00e1, Lucy Molinar, excpres\u00f3 que \u201ceste es un paso hacia la verdadera equidad, se dec\u00eda que hab\u00eda Internet en las escuelas, pero no era cierto y, si hab\u00eda, no ten\u00eda ni la calidad, ni el alcance. Ahora se cumplen todos los procesos y los ni\u00f1os tendr\u00e1n acceso a un mundo de informaci\u00f3n\u201d.<\/strong><\/p>\n<p><strong>De acuerdo con Molinar, los alumnos de los planteles escolares oficiales de todo el pa\u00eds, tendr\u00e1n capacidades que no ten\u00edan antes para su desarrollo acad\u00e9mico. El alcance a este recurso, afirm\u00f3 la ministra, ser\u00e1 solo para uso acad\u00e9mico.<\/strong><\/p>\n<p><strong>A su vez, Roberto Mendoza, director Senior de Asuntos Corporativos de +M\u00f3vil, indic\u00f3 que \u201ceste es un gran hito en la historia de nuestra naci\u00f3n y de toda Am\u00e9rica Latina. Todo el esfuerzo de proveer el acceso inclusivo para transformar la educaci\u00f3n, a trav\u00e9s del aprendizaje, es un ejemplo que Panam\u00e1, va a marcar para el resto de la regi\u00f3n, as\u00ed se garantiza un desarrollo inclusivo y equitativo, para miles de estudiantes en el pa\u00eds\u201d.<\/strong><\/p>\n<p><strong>Luego de cumplir con todos los procedimientos de licitaci\u00f3n p\u00fablica, se adjudic\u00f3 este importante programa que permitir\u00e1 a la comunidad educativa tener una conectividad hasta 100 veces superior, al pasar de una velocidad de 10 megabits por segundo (Mbps) a 1,024 Mbps, lo que impulsar\u00e1 de forma significativa, la calidad de la ense\u00f1anza y el acceso a contenidos digitales.<\/strong><\/p>\n<p><strong>Se debe enfatizar, que este proyecto, forma parte del compromiso del Gobierno Nacional y del Ministerio de Educaci\u00f3n por reducir la brecha digital, mejorar los procesos de ense\u00f1anza-aprendizaje y preparar a las nuevas generaciones para los retos del siglo XXI.<\/strong><\/p>\n<p>&nbsp;<\/p>\n","protected":false},"excerpt":{"rendered":"<p>Por primera vez en la historia, Panam\u00e1, ha dado un <a href=\"https:\/\/sertv.gob.pa\/nacionalfm\/autoridades-del-meduca-en-paso-historico-firman-contrato-de-internet-para-centros-educativos-de-panama\/\"> [&#8230;]<\/a><\/p>\n","protected":false},"author":9,"featured_media":108902,"comment_status":"closed","ping_status":"closed","sticky":false,"template":"","format":"standard","meta":{"footnotes":""},"categories":[2],"tags":[],"class_list":["post-108901","post","type-post","status-publish","format-standard","has-post-thumbnail","hentry","category-nacionales"],"_links":{"self":[{"href":"https:\/\/sertv.gob.pa\/nacionalfm\/wp-json\/wp\/v2\/posts\/108901","targetHints":{"allow":["GET"]}}],"collection":[{"href":"https:\/\/sertv.gob.pa\/nacionalfm\/wp-json\/wp\/v2\/posts"}],"about":[{"href":"https:\/\/sertv.gob.pa\/nacionalfm\/wp-json\/wp\/v2\/types\/post"}],"author":[{"embeddable":true,"href":"https:\/\/sertv.gob.pa\/nacionalfm\/wp-json\/wp\/v2\/users\/9"}],"replies":[{"embeddable":true,"href":"https:\/\/sertv.gob.pa\/nacionalfm\/wp-json\/wp\/v2\/comments?post=108901"}],"version-history":[{"count":1,"href":"https:\/\/sertv.gob.pa\/nacionalfm\/wp-json\/wp\/v2\/posts\/108901\/revisions"}],"predecessor-version":[{"id":108903,"href":"https:\/\/sertv.gob.pa\/nacionalfm\/wp-json\/wp\/v2\/posts\/108901\/revisions\/108903"}],"wp:featuredmedia":[{"embeddable":true,"href":"https:\/\/sertv.gob.pa\/nacionalfm\/wp-json\/wp\/v2\/media\/108902"}],"wp:attachment":[{"href":"https:\/\/sertv.gob.pa\/nacionalfm\/wp-json\/wp\/v2\/media?parent=108901"}],"wp:term":[{"taxonomy":"category","embeddable":true,"href":"https:\/\/sertv.gob.pa\/nacionalfm\/wp-json\/wp\/v2\/categories?post=108901"},{"taxonomy":"post_tag","embeddable":true,"href":"https:\/\/sertv.gob.pa\/nacionalfm\/wp-json\/wp\/v2\/tags?post=108901"}],"curies":[{"name":"wp","href":"https:\/\/api.w.org\/{rel}","templated":true}]}}