{"id":108907,"date":"2025-06-12T10:43:25","date_gmt":"2025-06-12T15:43:25","guid":{"rendered":"https:\/\/sertv.gob.pa\/nacionalfm\/?p=108907"},"modified":"2025-06-12T10:49:37","modified_gmt":"2025-06-12T15:49:37","slug":"panama-realiza-formal-solicitud-para-su-ingreso-a-la-ocde","status":"publish","type":"post","link":"https:\/\/sertv.gob.pa\/nacionalfm\/panama-realiza-formal-solicitud-para-su-ingreso-a-la-ocde\/","title":{"rendered":"Panam\u00e1 realiza formal solicitud para su ingreso a la OCDE"},"content":{"rendered":"<p><em><strong>El ministro de Relaciones Exteriores de Panam\u00e1, Javier Mart\u00ednez-Acha V\u00e1squez, en seguimiento a los lineamientos del presidente, Jos\u00e9 Ra\u00fal Mulino, entreg\u00f3 este mi\u00e9rcoles, 11 de junio, a Mathias Cormann, secretario general de la Organizaci\u00f3n para la Cooperaci\u00f3n y el Desarrollo Econ\u00f3mico (OCDE), la nota que manifiesta la intenci\u00f3n de ingreso de Panam\u00e1, a ese organismo compuesto por 38 Estados.<\/strong><\/em><\/p>\n<p><strong>Esta solicitud, fue entregada en la sede del organismo de cooperaci\u00f3n internacional, en Paris, por el canciller Mart\u00ednez-Acha V\u00e1squez, quien para esta gesti\u00f3n, estuvo acompa\u00f1ado por la embajadora de Panam\u00e1 en Francia, Joanna Villarreal.<\/strong><\/p>\n<p><strong>Es significativo mencionar, que la solicitud, es un hito hist\u00f3rico alcanzado por parte de Panam\u00e1, al cumplir est\u00e1ndares internacionales financieros y fiscales y demostrar la voluntad de continuar cooperando con la informaci\u00f3n requerida por la OCDE.<\/strong><\/p>\n<p><strong>Durante el encuentro con Cormann, el jefe de la diplomacia paname\u00f1a, destac\u00f3 el trabajo que se lleva a cabo en la regulaci\u00f3n de los procesos que garantizan los m\u00e1s altos est\u00e1ndares de tributaci\u00f3n internacional y transparencia fiscal.<\/strong><\/p>\n<p><em><strong>Panam\u00e1, apuesta a formar parte de la OCDE, un organismo cuya actividad principal es el intercambio de experiencias en pol\u00edticas p\u00fablicas a favor de la cooperaci\u00f3n en el campo econ\u00f3mico, social, cultural, y educativo.<\/strong><\/em><\/p>\n<p><strong>Al presente, Panam\u00e1, es miembro del Foro Global sobre Transparencia e Intercambio de Informaci\u00f3n Tributaria y del Centro de Desarrollo, donde durante a\u00f1os ha participado de manera activa.<\/strong><\/p>\n<p><strong>Panam\u00e1 busca, a trav\u00e9s de su participaci\u00f3n en la OCDE, avanzar en la transformaci\u00f3n econ\u00f3mica, la atracci\u00f3n de inversiones, y la mejora de sus pol\u00edticas p\u00fablicas para alcanzar un desarrollo sostenible e inclusivo.<\/strong><\/p>\n<p><strong>En febrero pasado, el canciller Mart\u00ednez-Acha V\u00e1squez, sostuvo reuni\u00f3n con Cormann, a fin de analizar las alternativas de Panam\u00e1, ante la organizaci\u00f3n como parte de la pol\u00edtica exterior paname\u00f1a de fortalecer la proyecci\u00f3n internacional del pa\u00eds, abrir nuevas oportunidades de cooperaci\u00f3n en comercio, inversiones y gobernanza global.<\/strong><\/p>\n","protected":false},"excerpt":{"rendered":"<p>El ministro de Relaciones Exteriores de Panam\u00e1, Javier Mart\u00ednez-Acha V\u00e1squez, <a href=\"https:\/\/sertv.gob.pa\/nacionalfm\/panama-realiza-formal-solicitud-para-su-ingreso-a-la-ocde\/\"> [&#8230;]<\/a><\/p>\n","protected":false},"author":9,"featured_media":108908,"comment_status":"closed","ping_status":"closed","sticky":false,"template":"","format":"standard","meta":{"footnotes":""},"categories":[2],"tags":[],"class_list":["post-108907","post","type-post","status-publish","format-standard","has-post-thumbnail","hentry","category-nacionales"],"_links":{"self":[{"href":"https:\/\/sertv.gob.pa\/nacionalfm\/wp-json\/wp\/v2\/posts\/108907","targetHints":{"allow":["GET"]}}],"collection":[{"href":"https:\/\/sertv.gob.pa\/nacionalfm\/wp-json\/wp\/v2\/posts"}],"about":[{"href":"https:\/\/sertv.gob.pa\/nacionalfm\/wp-json\/wp\/v2\/types\/post"}],"author":[{"embeddable":true,"href":"https:\/\/sertv.gob.pa\/nacionalfm\/wp-json\/wp\/v2\/users\/9"}],"replies":[{"embeddable":true,"href":"https:\/\/sertv.gob.pa\/nacionalfm\/wp-json\/wp\/v2\/comments?post=108907"}],"version-history":[{"count":3,"href":"https:\/\/sertv.gob.pa\/nacionalfm\/wp-json\/wp\/v2\/posts\/108907\/revisions"}],"predecessor-version":[{"id":108911,"href":"https:\/\/sertv.gob.pa\/nacionalfm\/wp-json\/wp\/v2\/posts\/108907\/revisions\/108911"}],"wp:featuredmedia":[{"embeddable":true,"href":"https:\/\/sertv.gob.pa\/nacionalfm\/wp-json\/wp\/v2\/media\/108908"}],"wp:attachment":[{"href":"https:\/\/sertv.gob.pa\/nacionalfm\/wp-json\/wp\/v2\/media?parent=108907"}],"wp:term":[{"taxonomy":"category","embeddable":true,"href":"https:\/\/sertv.gob.pa\/nacionalfm\/wp-json\/wp\/v2\/categories?post=108907"},{"taxonomy":"post_tag","embeddable":true,"href":"https:\/\/sertv.gob.pa\/nacionalfm\/wp-json\/wp\/v2\/tags?post=108907"}],"curies":[{"name":"wp","href":"https:\/\/api.w.org\/{rel}","templated":true}]}}