{"id":108926,"date":"2025-06-12T14:21:02","date_gmt":"2025-06-12T19:21:02","guid":{"rendered":"https:\/\/sertv.gob.pa\/nacionalfm\/?p=108926"},"modified":"2025-06-12T14:21:02","modified_gmt":"2025-06-12T19:21:02","slug":"miambiente-realiza-ante-denuncia-decomiso-de-madera-teca-por-traslado-ilegal-en-las-cumbres","status":"publish","type":"post","link":"https:\/\/sertv.gob.pa\/nacionalfm\/miambiente-realiza-ante-denuncia-decomiso-de-madera-teca-por-traslado-ilegal-en-las-cumbres\/","title":{"rendered":"MiAMBIENTE, realiza ante denuncia, decomiso de madera Teca, por traslado ilegal, en Las Cumbres"},"content":{"rendered":"<p><em><strong>Funcionarios del Ministerio de Ambiente (MiAMBIENTE) de la Direcci\u00f3n Regional de Panam\u00e1 Norte atendieron recientemente, a una alerta ciudadana referente al presunto transporte ilegal de madera en el \u00e1rea de Las Lajas, corregimiento de Las Cumbres. Al llegar al sitio, el personal de MiAMBIENTE, pudo constatar, que un cami\u00f3n trasladaba aproximadamente 2.5 metros c\u00fabicos de madera de la especie conocida como Teca, sin la debida documentaci\u00f3n de movilizaci\u00f3n exigida por la normativa forestal vigente.<\/strong><\/em><\/p>\n<p><strong>Durante el desarrollo de la acci\u00f3n, se pudo observar que, los tres ciudadanos a bordo del veh\u00edculo, mostraban una actitud sospechosa al momento de ser interceptados, lo que alert\u00f3 a las autoridades, solicit\u00e1ndoles los permisos, los que no pose\u00edan. Ante esta situaci\u00f3n, se procedi\u00f3 de inmediato al decomiso de la madera, la cual fue trasladada al vivero institucional de la entidad, ubicado en Chilibre, donde permanecer\u00e1 bajo custodia, mientras se desarrolla la investigaci\u00f3n correspondiente.<\/strong><\/p>\n<p><strong>Posteriormente, los implicados, fueron citados por el Ministerio de Ambiente, a fin de rendir declaraciones y enfrentar el proceso legal conforme a lo establecido en la Ley Forestal N.\u00ba 1 del 3 de febrero de 1994. MiAMBIENTE, en coordinaci\u00f3n con las autoridades competentes se mantiene en alerta para que todo aquel que circule con material forestal cuente con las gu\u00edas de traslado de madera. Esta gu\u00eda, debe incluir la informaci\u00f3n del origen y destino de la madera.<\/strong><\/p>\n<p>&nbsp;<\/p>\n","protected":false},"excerpt":{"rendered":"<p>Funcionarios del Ministerio de Ambiente (MiAMBIENTE) de la Direcci\u00f3n Regional <a href=\"https:\/\/sertv.gob.pa\/nacionalfm\/miambiente-realiza-ante-denuncia-decomiso-de-madera-teca-por-traslado-ilegal-en-las-cumbres\/\"> [&#8230;]<\/a><\/p>\n","protected":false},"author":9,"featured_media":108927,"comment_status":"closed","ping_status":"closed","sticky":false,"template":"","format":"standard","meta":{"footnotes":""},"categories":[2],"tags":[],"class_list":["post-108926","post","type-post","status-publish","format-standard","has-post-thumbnail","hentry","category-nacionales"],"_links":{"self":[{"href":"https:\/\/sertv.gob.pa\/nacionalfm\/wp-json\/wp\/v2\/posts\/108926","targetHints":{"allow":["GET"]}}],"collection":[{"href":"https:\/\/sertv.gob.pa\/nacionalfm\/wp-json\/wp\/v2\/posts"}],"about":[{"href":"https:\/\/sertv.gob.pa\/nacionalfm\/wp-json\/wp\/v2\/types\/post"}],"author":[{"embeddable":true,"href":"https:\/\/sertv.gob.pa\/nacionalfm\/wp-json\/wp\/v2\/users\/9"}],"replies":[{"embeddable":true,"href":"https:\/\/sertv.gob.pa\/nacionalfm\/wp-json\/wp\/v2\/comments?post=108926"}],"version-history":[{"count":2,"href":"https:\/\/sertv.gob.pa\/nacionalfm\/wp-json\/wp\/v2\/posts\/108926\/revisions"}],"predecessor-version":[{"id":108929,"href":"https:\/\/sertv.gob.pa\/nacionalfm\/wp-json\/wp\/v2\/posts\/108926\/revisions\/108929"}],"wp:featuredmedia":[{"embeddable":true,"href":"https:\/\/sertv.gob.pa\/nacionalfm\/wp-json\/wp\/v2\/media\/108927"}],"wp:attachment":[{"href":"https:\/\/sertv.gob.pa\/nacionalfm\/wp-json\/wp\/v2\/media?parent=108926"}],"wp:term":[{"taxonomy":"category","embeddable":true,"href":"https:\/\/sertv.gob.pa\/nacionalfm\/wp-json\/wp\/v2\/categories?post=108926"},{"taxonomy":"post_tag","embeddable":true,"href":"https:\/\/sertv.gob.pa\/nacionalfm\/wp-json\/wp\/v2\/tags?post=108926"}],"curies":[{"name":"wp","href":"https:\/\/api.w.org\/{rel}","templated":true}]}}