{"id":108930,"date":"2025-06-12T14:33:30","date_gmt":"2025-06-12T19:33:30","guid":{"rendered":"https:\/\/sertv.gob.pa\/nacionalfm\/?p=108930"},"modified":"2025-06-12T14:33:30","modified_gmt":"2025-06-12T19:33:30","slug":"comunicado-41","status":"publish","type":"post","link":"https:\/\/sertv.gob.pa\/nacionalfm\/comunicado-41\/","title":{"rendered":"COMUNICADO"},"content":{"rendered":"<p><em><strong>El Gobierno y el pueblo de la Rep\u00fablica de Panam\u00e1, expresa al Gobierno del Primer Ministro Narendra Modi y a todo el pueblo de la Rep\u00fablica de la India, sus m\u00e1s profundas muestras de pesar por la conmovedora noticia del fatal accidente de un avi\u00f3n de Air India.<\/strong><\/em><\/p>\n","protected":false},"excerpt":{"rendered":"<p>El Gobierno y el pueblo de la Rep\u00fablica de Panam\u00e1, <a href=\"https:\/\/sertv.gob.pa\/nacionalfm\/comunicado-41\/\"> [&#8230;]<\/a><\/p>\n","protected":false},"author":9,"featured_media":108931,"comment_status":"closed","ping_status":"closed","sticky":false,"template":"","format":"standard","meta":{"footnotes":""},"categories":[2],"tags":[],"class_list":["post-108930","post","type-post","status-publish","format-standard","has-post-thumbnail","hentry","category-nacionales"],"_links":{"self":[{"href":"https:\/\/sertv.gob.pa\/nacionalfm\/wp-json\/wp\/v2\/posts\/108930","targetHints":{"allow":["GET"]}}],"collection":[{"href":"https:\/\/sertv.gob.pa\/nacionalfm\/wp-json\/wp\/v2\/posts"}],"about":[{"href":"https:\/\/sertv.gob.pa\/nacionalfm\/wp-json\/wp\/v2\/types\/post"}],"author":[{"embeddable":true,"href":"https:\/\/sertv.gob.pa\/nacionalfm\/wp-json\/wp\/v2\/users\/9"}],"replies":[{"embeddable":true,"href":"https:\/\/sertv.gob.pa\/nacionalfm\/wp-json\/wp\/v2\/comments?post=108930"}],"version-history":[{"count":1,"href":"https:\/\/sertv.gob.pa\/nacionalfm\/wp-json\/wp\/v2\/posts\/108930\/revisions"}],"predecessor-version":[{"id":108932,"href":"https:\/\/sertv.gob.pa\/nacionalfm\/wp-json\/wp\/v2\/posts\/108930\/revisions\/108932"}],"wp:featuredmedia":[{"embeddable":true,"href":"https:\/\/sertv.gob.pa\/nacionalfm\/wp-json\/wp\/v2\/media\/108931"}],"wp:attachment":[{"href":"https:\/\/sertv.gob.pa\/nacionalfm\/wp-json\/wp\/v2\/media?parent=108930"}],"wp:term":[{"taxonomy":"category","embeddable":true,"href":"https:\/\/sertv.gob.pa\/nacionalfm\/wp-json\/wp\/v2\/categories?post=108930"},{"taxonomy":"post_tag","embeddable":true,"href":"https:\/\/sertv.gob.pa\/nacionalfm\/wp-json\/wp\/v2\/tags?post=108930"}],"curies":[{"name":"wp","href":"https:\/\/api.w.org\/{rel}","templated":true}]}}