{"id":108933,"date":"2025-06-13T09:53:25","date_gmt":"2025-06-13T14:53:25","guid":{"rendered":"https:\/\/sertv.gob.pa\/nacionalfm\/?p=108933"},"modified":"2025-06-13T09:53:25","modified_gmt":"2025-06-13T14:53:25","slug":"autoridades-del-meduca-y-la-camara-panamena-del-libro-suscriben-convenio-de-cooperacion","status":"publish","type":"post","link":"https:\/\/sertv.gob.pa\/nacionalfm\/autoridades-del-meduca-y-la-camara-panamena-del-libro-suscriben-convenio-de-cooperacion\/","title":{"rendered":"Autoridades del MEDUCA y la C\u00e1mara Paname\u00f1a del Libro, suscriben convenio de cooperaci\u00f3n"},"content":{"rendered":"<p><em><strong>Autoridades del Ministerio de Educaci\u00f3n de Panam\u00e1 (MEDUCA) y la C\u00e1mara Paname\u00f1a del Libro (CAPALI), suscribieron en fecha reciente, un convenio de colaboraci\u00f3n con miras a contribuir, al \u00e9xito de la XXI versi\u00f3n de la Feria Internacional del Libro (FIL), la cual se desarrollar\u00e1 del 11 al 17 de agosto de 2025.<\/strong><\/em><\/p>\n<p><strong>Durante el acto, la ministra de Educaci\u00f3n, Lucy Molinar, destac\u00f3 la importancia del contacto temprano con los libros, ya que fomenta la imaginaci\u00f3n y la creatividad en los ni\u00f1os, habilidades fundamentales para su desarrollo integral. \u201cLos libros, permiten a los estudiantes viajar a diferentes mundos, crear sus propias im\u00e1genes mentales de personajes, escenarios y situaciones, lo que estimula su capacidad imaginativa\u201d, expres\u00f3.<\/strong><\/p>\n<p><strong>Mientras que, Orit Btesh, presidenta de la C\u00e1mara Paname\u00f1a del Libro, manifest\u00f3 que, en el evento, participar\u00e1n especialistas internacionales, quienes trabajar\u00e1n con m\u00e1s de 600 docentes paname\u00f1os a trav\u00e9s de talleres y conferencias. Estos espacios formativos, brindar\u00e1n herramientas y conocimientos que los educadores podr\u00e1n aplicar en el aula, en beneficio del aprendizaje de los estudiantes.<\/strong><\/p>\n<p><strong>El prop\u00f3sito del convenio, es desarrollar actividades orientadas al fortalecimiento de la cultura y la educaci\u00f3n; difundir y promover la producci\u00f3n literaria de autores nacionales e internacionales; y fomentar la equidad y la calidad educativa mediante la participaci\u00f3n de estudiantes y docentes de todas las regiones educativas del pa\u00eds.<\/strong><\/p>\n<p><strong>La Feria Internacional del Libro, organizada anualmente por CAPALI, es considerada uno de los eventos culturales m\u00e1s significativos de Panam\u00e1. Se ha consolidado como una plataforma para fomentar la lectura, la cultura y las competencias ling\u00fc\u00edsticas entre docentes, estudiantes, padres de familia y p\u00fablico en general.<\/strong><\/p>\n<p><strong>Bajo el lema \u2018Tejiendo di\u00e1logos\u2019, la edici\u00f3n de este a\u00f1o, tendr\u00e1 la participaci\u00f3n del Reino de Marruecos, como pa\u00eds invitado de honor, rindiendo homenaje a la diversidad, la singularidad y la historia, en un esfuerzo por entrelazar culturas y tradiciones a trav\u00e9s de la literatura.<\/strong><\/p>\n<p><strong>Para esta gesti\u00f3n, se cont\u00f3 con la presencia del escritor, Juan David Morgan; el doctor Ar\u00edstides Royo, miembro de la Academia Paname\u00f1a de la Lengua; directores nacionales del MEDUCA; docentes; y estudiantes de la Escuela Rep\u00fablica de Chile y del Instituto Am\u00e9rica.<\/strong><\/p>\n","protected":false},"excerpt":{"rendered":"<p>Autoridades del Ministerio de Educaci\u00f3n de Panam\u00e1 (MEDUCA) y la <a href=\"https:\/\/sertv.gob.pa\/nacionalfm\/autoridades-del-meduca-y-la-camara-panamena-del-libro-suscriben-convenio-de-cooperacion\/\"> [&#8230;]<\/a><\/p>\n","protected":false},"author":9,"featured_media":108936,"comment_status":"closed","ping_status":"closed","sticky":false,"template":"","format":"standard","meta":{"footnotes":""},"categories":[2],"tags":[],"class_list":["post-108933","post","type-post","status-publish","format-standard","has-post-thumbnail","hentry","category-nacionales"],"_links":{"self":[{"href":"https:\/\/sertv.gob.pa\/nacionalfm\/wp-json\/wp\/v2\/posts\/108933","targetHints":{"allow":["GET"]}}],"collection":[{"href":"https:\/\/sertv.gob.pa\/nacionalfm\/wp-json\/wp\/v2\/posts"}],"about":[{"href":"https:\/\/sertv.gob.pa\/nacionalfm\/wp-json\/wp\/v2\/types\/post"}],"author":[{"embeddable":true,"href":"https:\/\/sertv.gob.pa\/nacionalfm\/wp-json\/wp\/v2\/users\/9"}],"replies":[{"embeddable":true,"href":"https:\/\/sertv.gob.pa\/nacionalfm\/wp-json\/wp\/v2\/comments?post=108933"}],"version-history":[{"count":1,"href":"https:\/\/sertv.gob.pa\/nacionalfm\/wp-json\/wp\/v2\/posts\/108933\/revisions"}],"predecessor-version":[{"id":108937,"href":"https:\/\/sertv.gob.pa\/nacionalfm\/wp-json\/wp\/v2\/posts\/108933\/revisions\/108937"}],"wp:featuredmedia":[{"embeddable":true,"href":"https:\/\/sertv.gob.pa\/nacionalfm\/wp-json\/wp\/v2\/media\/108936"}],"wp:attachment":[{"href":"https:\/\/sertv.gob.pa\/nacionalfm\/wp-json\/wp\/v2\/media?parent=108933"}],"wp:term":[{"taxonomy":"category","embeddable":true,"href":"https:\/\/sertv.gob.pa\/nacionalfm\/wp-json\/wp\/v2\/categories?post=108933"},{"taxonomy":"post_tag","embeddable":true,"href":"https:\/\/sertv.gob.pa\/nacionalfm\/wp-json\/wp\/v2\/tags?post=108933"}],"curies":[{"name":"wp","href":"https:\/\/api.w.org\/{rel}","templated":true}]}}