{"id":108939,"date":"2025-06-13T10:27:49","date_gmt":"2025-06-13T15:27:49","guid":{"rendered":"https:\/\/sertv.gob.pa\/nacionalfm\/?p=108939"},"modified":"2025-06-13T10:27:49","modified_gmt":"2025-06-13T15:27:49","slug":"panama-levanta-su-voz-para-erradicar-y-prevenir-el-trabajo-infantil-y-realiza-gran-cadena-humana-en-distintas-provincias-del-pais","status":"publish","type":"post","link":"https:\/\/sertv.gob.pa\/nacionalfm\/panama-levanta-su-voz-para-erradicar-y-prevenir-el-trabajo-infantil-y-realiza-gran-cadena-humana-en-distintas-provincias-del-pais\/","title":{"rendered":"Panam\u00e1 levanta su voz para erradicar y prevenir el trabajo infantil, y realiza gran cadena humana en distintas provincias del pa\u00eds"},"content":{"rendered":"<p><em><strong>\u2022 Esta iniciativa fue replicada en todas las direcciones regionales del ministerio a nivel nacional, Como s\u00edmbolo del compromiso nacional en la erradicaci\u00f3n de este flagelo.<\/strong><\/em><\/p>\n<p>&nbsp;<\/p>\n<p><strong><em>Como un<\/em>a forma de reafirmar el compromiso del Gobierno Nacional, liderado por el Presidente de Panam\u00e1, Jos\u00e9 Ra\u00fal Mulino Quintero y la ministra de Trabajo y Desarrollo Laboral, Jackeline Mu\u00f1oz de Cede\u00f1o, el MITRADEL, llev\u00f3 a cabo, una gran cadena humana en la plazoleta de Edison Plaza, con la participaci\u00f3n de representantes de diversas entidades, sociedad civil y sector empresarial, en conmemoraci\u00f3n del 12 de junio, D\u00eda Mundial contra el Trabajo Infantil, con el prop\u00f3sito de prevenir y erradicar este flagelo en nuestro pa\u00eds.<\/strong><\/p>\n<p><strong>Mientras que, las direcciones regionales de Trabajo, en la provincia de Panam\u00e1 Oeste, Cocl\u00e9, Herrera, Los Santos, Veraguas y Chiriqu\u00ed, efectuaron tambi\u00e9n, una cadena humana para concienciar a la poblaci\u00f3n sobre los derechos de los ni\u00f1os, ni\u00f1as y adolescentes, as\u00ed como eucarist\u00edas, jornadas de sensibilizaci\u00f3n, entre otras acciones que contribuyen a prevenir este flagelo.<\/strong><\/p>\n<p><strong>En este sentido, Lina Montenegro, Directora Contra el Trabajo Infantil y Protecci\u00f3n del Adolescente Trabajador, destac\u00f3 que, esta administraci\u00f3n, est\u00e1 fortaleciendo las pol\u00edticas p\u00fablicas para prevenir y erradicar el trabajo infantil, canalizadas por medio de acciones que desarrolla la entidad laboral todo el a\u00f1o, enfocadas en la prevenci\u00f3n de este flagelo, siempre garantizando los derechos de los ni\u00f1os, ni\u00f1as y adolescentes.<\/strong><\/p>\n<p><strong>No hay que olvidar, que en apoyo a la eliminaci\u00f3n de este flagelo que afecta a nuestra ni\u00f1ez paname\u00f1a, el MITRADEL y sus direcciones regionales a nivel nacional, desarrollan anualmente, recorridos de prevenci\u00f3n y protecci\u00f3n de trabajo infantil, jornadas de sensibilizaci\u00f3n dirigidas a ni\u00f1os, ni\u00f1as, padres, adultos responsables y actores claves, inspecciones contra el trabajo infantil, foros especializados en esta tem\u00e1tica, entre otras acciones.<\/strong><\/p>\n<p><strong>Este esfuerzo conjunto, refuerza la misi\u00f3n de proteger los derechos fundamentales de la ni\u00f1ez, promoviendo espacios seguros, educativos y libres de explotaci\u00f3n laboral. Con acciones coordinadas y el respaldo del Gobierno Nacional, se contin\u00faa avanzando con paso firme en la construcci\u00f3n de un pa\u00eds m\u00e1s justo, donde cada ni\u00f1o, ni\u00f1a y adolescente pueda crecer con dignidad, educaci\u00f3n y oportunidades.<\/strong><\/p>\n<p>&nbsp;<\/p>\n","protected":false},"excerpt":{"rendered":"<p>\u2022 Esta iniciativa fue replicada en todas las direcciones regionales <a href=\"https:\/\/sertv.gob.pa\/nacionalfm\/panama-levanta-su-voz-para-erradicar-y-prevenir-el-trabajo-infantil-y-realiza-gran-cadena-humana-en-distintas-provincias-del-pais\/\"> [&#8230;]<\/a><\/p>\n","protected":false},"author":9,"featured_media":108940,"comment_status":"closed","ping_status":"closed","sticky":false,"template":"","format":"standard","meta":{"footnotes":""},"categories":[2],"tags":[],"class_list":["post-108939","post","type-post","status-publish","format-standard","has-post-thumbnail","hentry","category-nacionales"],"_links":{"self":[{"href":"https:\/\/sertv.gob.pa\/nacionalfm\/wp-json\/wp\/v2\/posts\/108939","targetHints":{"allow":["GET"]}}],"collection":[{"href":"https:\/\/sertv.gob.pa\/nacionalfm\/wp-json\/wp\/v2\/posts"}],"about":[{"href":"https:\/\/sertv.gob.pa\/nacionalfm\/wp-json\/wp\/v2\/types\/post"}],"author":[{"embeddable":true,"href":"https:\/\/sertv.gob.pa\/nacionalfm\/wp-json\/wp\/v2\/users\/9"}],"replies":[{"embeddable":true,"href":"https:\/\/sertv.gob.pa\/nacionalfm\/wp-json\/wp\/v2\/comments?post=108939"}],"version-history":[{"count":2,"href":"https:\/\/sertv.gob.pa\/nacionalfm\/wp-json\/wp\/v2\/posts\/108939\/revisions"}],"predecessor-version":[{"id":108942,"href":"https:\/\/sertv.gob.pa\/nacionalfm\/wp-json\/wp\/v2\/posts\/108939\/revisions\/108942"}],"wp:featuredmedia":[{"embeddable":true,"href":"https:\/\/sertv.gob.pa\/nacionalfm\/wp-json\/wp\/v2\/media\/108940"}],"wp:attachment":[{"href":"https:\/\/sertv.gob.pa\/nacionalfm\/wp-json\/wp\/v2\/media?parent=108939"}],"wp:term":[{"taxonomy":"category","embeddable":true,"href":"https:\/\/sertv.gob.pa\/nacionalfm\/wp-json\/wp\/v2\/categories?post=108939"},{"taxonomy":"post_tag","embeddable":true,"href":"https:\/\/sertv.gob.pa\/nacionalfm\/wp-json\/wp\/v2\/tags?post=108939"}],"curies":[{"name":"wp","href":"https:\/\/api.w.org\/{rel}","templated":true}]}}