{"id":108943,"date":"2025-06-13T10:59:16","date_gmt":"2025-06-13T15:59:16","guid":{"rendered":"https:\/\/sertv.gob.pa\/nacionalfm\/?p=108943"},"modified":"2025-06-13T10:59:16","modified_gmt":"2025-06-13T15:59:16","slug":"pleno-de-la-asamblea-nacional-de-panama-aprueba-en-tercer-debate-proyecto-de-ley-289","status":"publish","type":"post","link":"https:\/\/sertv.gob.pa\/nacionalfm\/pleno-de-la-asamblea-nacional-de-panama-aprueba-en-tercer-debate-proyecto-de-ley-289\/","title":{"rendered":"Pleno de la Asamblea Nacional de Panam\u00e1: Aprueba en tercer debate proyecto de Ley 289"},"content":{"rendered":"<p><em><strong>Aprueban en tercer debate de proyecto 289; solo falta sanci\u00f3n presidencial<\/strong><\/em><\/p>\n<p><strong>El Pleno de la Asamblea Nacional de Panam\u00e1, aprob\u00f3 este mi\u00e9rcoles, 12 de junio, en tercer debate del proyecto de Ley 289 que suspende la vigencia de la Ley 468 de 2025, restablece la vigencia de la Ley 3 de 1985, que establece un r\u00e9gimen de intereses preferenciales en ciertos pr\u00e9stamos hipotecario, y dicta otras disposiciones.<\/strong><\/p>\n<p><strong>Durante la gesti\u00f3n, en el hemiciclo parlamentario, estuvieron presentes el ministro de Vivienda y Ordenamiento Territorial, Jaime A. Jovan\u00e9 C.; el viceministro de Vivienda, Fernando M\u00e9ndez y la asesora legal del Despacho Superior, Idelcarmen de Palma.<\/strong><\/p>\n<p><strong>Jovan\u00e9, luego de la aprobaci\u00f3n de este documento, se\u00f1al\u00f3 que, este tiene como prop\u00f3sito darle la formalidad que se requer\u00eda para poder continuar con los tr\u00e1mites de los 9 mil expedientes de las familias que est\u00e1n esperando una vivienda.<\/strong><\/p>\n<p><strong>A\u00f1adi\u00f3 que, aproximadamente 600 millones de balboas representan esos tr\u00e1mites con estas 9 mil familias; este proceso abarcar\u00e1 hasta el 31 de diciembre de 2025 y a partir del 1 de enero de 2026 se restablece la entrada en vigencia de la Ley 468 que tiene los nuevos intereses preferenciales para unidades de viviendas de las familias.<\/strong><\/p>\n<p><strong>Con esta Ley, se restablece la vigencia del art\u00edculo 4 de la Ley 106 de 1974, que indica que a partir del 1 de julio de 2023 est\u00e1 exenta del Impuesto a la Transferencia de Bienes Inmuebles la primera operaci\u00f3n de venta de viviendas nuevas, cuyos permisos de ocupaci\u00f3n hayan sido expedidos desde el 1 de enero de 2017 hasta el 31 de enero de 2025, siempre y cuando, la inscripci\u00f3n efectiva de la transferencia del bien inmueble se realice antes de esta \u00faltima fecha.<\/strong><\/p>\n<p><strong>Asimismo, se modifica el art\u00edculo 5 transitorio de la Ley 94 de 2019, donde se establece que los pr\u00e9stamos hipotecarios preferenciales que se otorguen desde el momento de la promulgaci\u00f3n de esta ley hasta el 31 de diciembre de 2025 se acoger\u00e1n a los beneficios de la Ley 3 de 1985.<\/strong><\/p>\n<p><strong>Este beneficio aplicar\u00e1 para las viviendas nuevas y plurifamiliares verticales que cuenten con el permiso de ocupaci\u00f3n desde el 1 de enero de 2017 hasta el 31 de diciembre de 2025.<\/strong><\/p>\n<p><strong>Esta Ley es de orden p\u00fablico y de inter\u00e9s social y tendr\u00e1 efectos retroactivos hasta el 24 de abril de 2025.<\/strong><\/p>\n","protected":false},"excerpt":{"rendered":"<p>Aprueban en tercer debate de proyecto 289; solo falta sanci\u00f3n <a href=\"https:\/\/sertv.gob.pa\/nacionalfm\/pleno-de-la-asamblea-nacional-de-panama-aprueba-en-tercer-debate-proyecto-de-ley-289\/\"> [&#8230;]<\/a><\/p>\n","protected":false},"author":9,"featured_media":108944,"comment_status":"closed","ping_status":"closed","sticky":false,"template":"","format":"standard","meta":{"footnotes":""},"categories":[2],"tags":[],"class_list":["post-108943","post","type-post","status-publish","format-standard","has-post-thumbnail","hentry","category-nacionales"],"_links":{"self":[{"href":"https:\/\/sertv.gob.pa\/nacionalfm\/wp-json\/wp\/v2\/posts\/108943","targetHints":{"allow":["GET"]}}],"collection":[{"href":"https:\/\/sertv.gob.pa\/nacionalfm\/wp-json\/wp\/v2\/posts"}],"about":[{"href":"https:\/\/sertv.gob.pa\/nacionalfm\/wp-json\/wp\/v2\/types\/post"}],"author":[{"embeddable":true,"href":"https:\/\/sertv.gob.pa\/nacionalfm\/wp-json\/wp\/v2\/users\/9"}],"replies":[{"embeddable":true,"href":"https:\/\/sertv.gob.pa\/nacionalfm\/wp-json\/wp\/v2\/comments?post=108943"}],"version-history":[{"count":1,"href":"https:\/\/sertv.gob.pa\/nacionalfm\/wp-json\/wp\/v2\/posts\/108943\/revisions"}],"predecessor-version":[{"id":108945,"href":"https:\/\/sertv.gob.pa\/nacionalfm\/wp-json\/wp\/v2\/posts\/108943\/revisions\/108945"}],"wp:featuredmedia":[{"embeddable":true,"href":"https:\/\/sertv.gob.pa\/nacionalfm\/wp-json\/wp\/v2\/media\/108944"}],"wp:attachment":[{"href":"https:\/\/sertv.gob.pa\/nacionalfm\/wp-json\/wp\/v2\/media?parent=108943"}],"wp:term":[{"taxonomy":"category","embeddable":true,"href":"https:\/\/sertv.gob.pa\/nacionalfm\/wp-json\/wp\/v2\/categories?post=108943"},{"taxonomy":"post_tag","embeddable":true,"href":"https:\/\/sertv.gob.pa\/nacionalfm\/wp-json\/wp\/v2\/tags?post=108943"}],"curies":[{"name":"wp","href":"https:\/\/api.w.org\/{rel}","templated":true}]}}