{"id":108946,"date":"2025-06-13T12:14:43","date_gmt":"2025-06-13T17:14:43","guid":{"rendered":"https:\/\/sertv.gob.pa\/nacionalfm\/?p=108946"},"modified":"2025-06-13T12:14:43","modified_gmt":"2025-06-13T17:14:43","slug":"director-de-ifarhu-carlos-godoy-participa-en-colon-para-entrega-de-becas","status":"publish","type":"post","link":"https:\/\/sertv.gob.pa\/nacionalfm\/director-de-ifarhu-carlos-godoy-participa-en-colon-para-entrega-de-becas\/","title":{"rendered":"Director de IFARHU, Carlos Godoy, participa en Col\u00f3n, para entrega de becas"},"content":{"rendered":"<p><em><strong>En la actualidad, se observa que, la jornada de pago de becas que se lleva a cabo en todo el pa\u00eds, se mantiene a buen paso, y es por ello que, para su cuarto d\u00eda, el director general del Instituto para la Formaci\u00f3n y Aprovechamiento de Recursos Humanos (IFARHU), Carlos Godoy, se traslad\u00f3 a la provincia de Col\u00f3n, a fin de supervisar el proceso. Con esta entrega, se busca beneficiar a unos 900 mil estudiantes a nivel nacional, como parte del compromiso del gobierno con la educaci\u00f3n y el desarrollo de la juventud paname\u00f1a.<\/strong><\/em><\/p>\n<p><strong>Esta visita, se realiz\u00f3 con la intenci\u00f3n de verificar el buen desarrollo de la jornada de pagos, as\u00ed como garantizar que los beneficiarios, recibieran sus apoyos de manera eficiente y segura. Esta entrega de becas, representa una inversi\u00f3n importante en el futuro de nuestros j\u00f3venes que supera los 122 millones de balboas.<\/strong><\/p>\n<p><strong>Igualmente, el director general, inspeccion\u00f3 las instalaciones del Centro Estudiantil del IFARHU en la provincia, con el prop\u00f3sito de evaluar las condiciones del edificio y la viabilidad de su pr\u00f3xima apertura. El centro, tiene capacidad para albergar a 150 estudiantes y busca brindar un espacio adecuado para el desarrollo acad\u00e9mico de j\u00f3venes de la regi\u00f3n.<\/strong><\/p>\n<p>&nbsp;<\/p>\n","protected":false},"excerpt":{"rendered":"<p>En la actualidad, se observa que, la jornada de pago <a href=\"https:\/\/sertv.gob.pa\/nacionalfm\/director-de-ifarhu-carlos-godoy-participa-en-colon-para-entrega-de-becas\/\"> [&#8230;]<\/a><\/p>\n","protected":false},"author":9,"featured_media":108947,"comment_status":"closed","ping_status":"closed","sticky":false,"template":"","format":"standard","meta":{"footnotes":""},"categories":[2],"tags":[],"class_list":["post-108946","post","type-post","status-publish","format-standard","has-post-thumbnail","hentry","category-nacionales"],"_links":{"self":[{"href":"https:\/\/sertv.gob.pa\/nacionalfm\/wp-json\/wp\/v2\/posts\/108946","targetHints":{"allow":["GET"]}}],"collection":[{"href":"https:\/\/sertv.gob.pa\/nacionalfm\/wp-json\/wp\/v2\/posts"}],"about":[{"href":"https:\/\/sertv.gob.pa\/nacionalfm\/wp-json\/wp\/v2\/types\/post"}],"author":[{"embeddable":true,"href":"https:\/\/sertv.gob.pa\/nacionalfm\/wp-json\/wp\/v2\/users\/9"}],"replies":[{"embeddable":true,"href":"https:\/\/sertv.gob.pa\/nacionalfm\/wp-json\/wp\/v2\/comments?post=108946"}],"version-history":[{"count":1,"href":"https:\/\/sertv.gob.pa\/nacionalfm\/wp-json\/wp\/v2\/posts\/108946\/revisions"}],"predecessor-version":[{"id":108948,"href":"https:\/\/sertv.gob.pa\/nacionalfm\/wp-json\/wp\/v2\/posts\/108946\/revisions\/108948"}],"wp:featuredmedia":[{"embeddable":true,"href":"https:\/\/sertv.gob.pa\/nacionalfm\/wp-json\/wp\/v2\/media\/108947"}],"wp:attachment":[{"href":"https:\/\/sertv.gob.pa\/nacionalfm\/wp-json\/wp\/v2\/media?parent=108946"}],"wp:term":[{"taxonomy":"category","embeddable":true,"href":"https:\/\/sertv.gob.pa\/nacionalfm\/wp-json\/wp\/v2\/categories?post=108946"},{"taxonomy":"post_tag","embeddable":true,"href":"https:\/\/sertv.gob.pa\/nacionalfm\/wp-json\/wp\/v2\/tags?post=108946"}],"curies":[{"name":"wp","href":"https:\/\/api.w.org\/{rel}","templated":true}]}}