{"id":10896,"date":"2016-02-25T16:14:45","date_gmt":"2016-02-25T16:14:45","guid":{"rendered":""},"modified":"2016-02-25T16:14:45","modified_gmt":"2016-02-25T16:14:45","slug":"los-bancos-de-sangre-sufren-bajones-en-ciertos-meses","status":"publish","type":"post","link":"https:\/\/sertv.gob.pa\/nacionalfm\/los-bancos-de-sangre-sufren-bajones-en-ciertos-meses\/","title":{"rendered":"Los bancos de sangre sufren bajones en ciertos meses"},"content":{"rendered":"<p>\nEn noviembre son las fiestas patrias, en diciembre: el D\u00eda de la Madre, Navidad y A\u00f1o Nuevo, que se mezclan con las vacaciones escolares. M\u00e1s adelante entran los carnavales y le sigue la Semana Santa, para culminar el circuito de d\u00edas festivos del verano. <\/p>\n<p>La mayor\u00eda nos ocupamos planeando lo que haremos para esos d\u00edas y por varios meses olvidamos a los que se dedican a salvar vidas, un labor que no tiene descanso. <\/p>\n<p>Entre estos est\u00e1n los bancos de sangre de todo el pa\u00eds, que sufren un baj\u00f3n en la cantidad de donaciones que reciben en estos meses. Esta situaci\u00f3n a veces lleva sus inventarios a niveles cr\u00edticos y amenaza su capacidad de ayudar a los enfermos. <\/p>\n<p>\u00a0 <\/p>\n","protected":false},"excerpt":{"rendered":"<p>En noviembre son las fiestas patrias, en diciembre: el D\u00eda <a href=\"https:\/\/sertv.gob.pa\/nacionalfm\/los-bancos-de-sangre-sufren-bajones-en-ciertos-meses\/\"> [&#8230;]<\/a><\/p>\n","protected":false},"author":1,"featured_media":10897,"comment_status":"closed","ping_status":"closed","sticky":false,"template":"","format":"standard","meta":{"footnotes":""},"categories":[5],"tags":[],"class_list":["post-10896","post","type-post","status-publish","format-standard","has-post-thumbnail","hentry","category-salud"],"_links":{"self":[{"href":"https:\/\/sertv.gob.pa\/nacionalfm\/wp-json\/wp\/v2\/posts\/10896","targetHints":{"allow":["GET"]}}],"collection":[{"href":"https:\/\/sertv.gob.pa\/nacionalfm\/wp-json\/wp\/v2\/posts"}],"about":[{"href":"https:\/\/sertv.gob.pa\/nacionalfm\/wp-json\/wp\/v2\/types\/post"}],"author":[{"embeddable":true,"href":"https:\/\/sertv.gob.pa\/nacionalfm\/wp-json\/wp\/v2\/users\/1"}],"replies":[{"embeddable":true,"href":"https:\/\/sertv.gob.pa\/nacionalfm\/wp-json\/wp\/v2\/comments?post=10896"}],"version-history":[{"count":0,"href":"https:\/\/sertv.gob.pa\/nacionalfm\/wp-json\/wp\/v2\/posts\/10896\/revisions"}],"wp:featuredmedia":[{"embeddable":true,"href":"https:\/\/sertv.gob.pa\/nacionalfm\/wp-json\/wp\/v2\/media\/10897"}],"wp:attachment":[{"href":"https:\/\/sertv.gob.pa\/nacionalfm\/wp-json\/wp\/v2\/media?parent=10896"}],"wp:term":[{"taxonomy":"category","embeddable":true,"href":"https:\/\/sertv.gob.pa\/nacionalfm\/wp-json\/wp\/v2\/categories?post=10896"},{"taxonomy":"post_tag","embeddable":true,"href":"https:\/\/sertv.gob.pa\/nacionalfm\/wp-json\/wp\/v2\/tags?post=10896"}],"curies":[{"name":"wp","href":"https:\/\/api.w.org\/{rel}","templated":true}]}}