{"id":108965,"date":"2025-06-13T14:38:42","date_gmt":"2025-06-13T19:38:42","guid":{"rendered":"https:\/\/sertv.gob.pa\/nacionalfm\/?p=108965"},"modified":"2025-06-13T14:38:42","modified_gmt":"2025-06-13T19:38:42","slug":"gobierno-establece-precio-tope-en-venta-de-agua-embotellada-en-herrera-y-los-santos","status":"publish","type":"post","link":"https:\/\/sertv.gob.pa\/nacionalfm\/gobierno-establece-precio-tope-en-venta-de-agua-embotellada-en-herrera-y-los-santos\/","title":{"rendered":"Gobierno establece precio tope en venta de agua embotellada en Herrera y Los Santos"},"content":{"rendered":"<p><em><strong>Gobierno establece precio tope en venta de agua embotellada en Herrera y Los Santos<\/strong><\/em><\/p>\n<p>El presidente de la Rep\u00fablica de Panam\u00e1, Jos\u00e9 Ra\u00fal Mulino, anunci\u00f3 este jueves, 12 de junio, precios tope para la venta de agua embotellada en las provincias de Herrera y Los Santos, ante la crisis en la regi\u00f3n de Azuero por la contaminaci\u00f3n de los r\u00edos que abastecen las plantas potabilizadoras del Instituto de Acueductos y Alcantarillados Nacionales (IDAAN).<\/p>\n<p>En su habitual conferencia de los jueves, realizada en el Anfiteatro del Palacio de las Garzas, el mandatario, explic\u00f3 que, el establecimiento del precio tope \u2014decisi\u00f3n que se adopt\u00f3 en Consejo de Gabinete el pasado martes \u2014, es una medida temporal para el comercio al por menor en Herrera y Los Santos, en el precio tope de venta de agua embotellada en diversas presentaciones, para evitar perjuicios al consumidor, ya sea por precios excesivos, acaparamiento o especulaci\u00f3n.<\/p>\n<p>\u201cA fin de evitar lo que ya se rumora, que existe el juegavivo y el mercado negro de agua en ese sector del pa\u00eds, vamos a implantar precios tope para la venta de agua. El Gobierno est\u00e1 haciendo lo posible para distribuir botellitas y ahora galones, pero siempre hay alguien que amanece m\u00e1s temprano y quiere jugarle vivo a la gente\u201d, coment\u00f3.<\/p>\n<p>Los precios establecidos quedan de la siguiente manera:<\/p>\n<p>300 mililitros B\/.0.50, 600 mililitros B\/.0.75, 1 litro B\/.1.25, 1.5 litros B\/.1.50, 1 gal\u00f3n B\/.2.05 y 5 galones B\/.6.25.<\/p>\n<p>Este Decreto Ejecutivo entrar\u00e1 en vigor a partir de su promulgaci\u00f3n, con duraci\u00f3n de hasta seis (6) meses, seg\u00fan lo establecido en la Ley 45 de 2007. El \u00d3rgano Ejecutivo podr\u00e1 prorrogar la medida mientras persista la situaci\u00f3n de emergencia sanitaria en las provincias de Herrera y Los Santos.<\/p>\n<p>El Consejo de Gabinete, a trav\u00e9s de la Resoluci\u00f3n No.56 de 10 de junio de 2025, declar\u00f3 el estado de emergencia en las provincias de Herrera y Los Santos.<\/p>\n<p>El decreto, que lleva la firma del presidente Mulino y del ministro de Comercio encargado, Eduardo Arango, a\u00f1ade que, antes de decidirlo, se realiz\u00f3 una consulta a la Autoridad de Protecci\u00f3n al Consumidor y Defensa de la Competencia (ACODECO), en consonancia con el art\u00edculo 200 de la Ley 45 de 2007, sobre la regulaci\u00f3n de precio al por menor, y esa entidad respondi\u00f3 de inmediato y de forma positiva.<\/p>\n<p>Tambi\u00e9n se\u00f1ala que, la ACODECO velar\u00e1 por el fiel cumplimiento del referido Decreto Ejecutivo, y aplicar\u00e1 las respectivas sanciones a quienes infrinjan la disposici\u00f3n.<\/p>\n<p><em><strong>Lista de medicamentos baratos para los paname\u00f1os ya suman 140 productos<\/strong><\/em><\/p>\n<p>El presidente Mulino, tambi\u00e9n reiter\u00f3 su compromiso de tomar medidas que contribuyan a darle salud a los paname\u00f1os. En ese sentido, anunci\u00f3 que, en cuanto a los medicamentos, se ha sumado 80 productos m\u00e1s en la lista de 60 que se hab\u00edan anunciado anteriormente, con lo que se eleva a 140 la lista de medicinas a precios m\u00e1s accesibles y \u201cmanteniendo los m\u00e1s altos est\u00e1ndares de calidad\u201d.<\/p>\n<p>\u201cEsos precios son m\u00e1s justos, y es un compromiso asumido por m\u00ed y mi gobierno que estamos cumpliendo. Ya tenemos 110 farmacias en todo el pa\u00eds habilitadas para este programa y pronto daremos un paso m\u00e1s para seguir ayudando a quienes m\u00e1s lo necesitan\u201d, indic\u00f3 el presidente Mulino en torno al programa de medicamentos m\u00e1s baratos que impulsa el Gobierno Nacional.<\/p>\n<p>Explic\u00f3 que, los descuentos van desde el 52 al 95%. Por ejemplo, la insulina NPH de 10 mililitros, que cuesta B\/.25 en el mercado, tiene un valor de B\/.2.50 en las farmacias del Ministerio de Salud (Minsa); es decir, un 90% menos. \u201cEsta es una gran ayuda para todo el pueblo paname\u00f1o que sufre de diabetes\u201d, apunt\u00f3.<\/p>\n<p>En tanto, la cefalexina 500, que es un antibi\u00f3tico que cuesta en promedio B\/.0.85, en la farmacia del Minsa est\u00e1 a 10 centavos, o sea 88% menos, destac\u00f3 el mandatario, y adelant\u00f3 que la lista completa de medicamentos ser\u00e1 publicada a trav\u00e9s de los canales oficiales del Estado para beneficio de todos los paname\u00f1os.<\/p>\n<p>Por otro lado, el jefe del Ejecutivo, anunci\u00f3 que, se ha autorizado un traslado de partida para honrar los compromisos salariales adeudados a 218 m\u00e9dicos internos que no estaban cobrando, y que en su momento le expusieron la situaci\u00f3n en los diversos recorridos realizados por los hospitales del pa\u00eds, principalmente en Panam\u00e1 y Panam\u00e1 Oeste.<\/p>\n<p>\u201cVamos cumpliendo con esos requerimientos. Estos profesionales de la salud, merecen un reconocimiento. Muchos de ellos \u2014cuidado que la mayor\u00eda\u2014 no estaban cobrando porque estaban bajo contrato y no de manera permanente. Como hemos tratado de incorporarlos, evidentemente esos reclamos se han atendido y suman millones de d\u00f3lares e impactan, por supuesto, en la planilla estatal, pero bendito sea que podemos hacerlo, son B\/.3.8 millones para poder pagar en el mes de julio\u201d, precis\u00f3.<\/p>\n<p><em><strong>Ayuda del Gobierno se mantiene en \u00e1reas comarcales<\/strong><\/em><\/p>\n<p>En cuanto a inversi\u00f3n social, el presidente Mulino, inform\u00f3 que, el Ministerio de Desarrollo Social (MIDES) iniciar\u00e1, el pr\u00f3ximo lunes 23 de junio, el desembolso de fondos del Programa de Transferencia Monetaria Condicionada (PTMC) a 186,845 paname\u00f1os en condiciones de vulnerabilidad en las comarcas y \u00e1reas de dif\u00edcil acceso.<\/p>\n<p>Se trata de un desembolso de B\/.5.6 millones en los programas que maneja el Mides. En la comarca Ng\u00e4be-Bugl\u00e9, en sectores como Guayabito, se est\u00e1 haciendo lo propio con B\/.4.7 millones que se est\u00e1n distribuyendo en esa regi\u00f3n.<\/p>\n<p>\u201cEse es el esfuerzo que se hace con la mano solidaria del Estado, el Estado est\u00e1 presente. Y vamos a ejecutar B\/.154 millones (en inversi\u00f3n) este a\u00f1o que est\u00e1n consignados en el Presupuesto General de la Naci\u00f3n para las comarcas; \u00f3igase bien, comarcas, en transferencias de programas sociales, subsidios, descentralizaci\u00f3n y obras. O sea que son falsas todas aquellas reclamaciones de que el gobierno no les pone atenci\u00f3n a las comarcas y que no les da nada a las comarcas. Incluso hay un programa que ya explic\u00f3 el titular del MOP sobre infraestructuras, carreteras y puentes para las comarcas\u201d, se\u00f1al\u00f3.<\/p>\n<p><em><strong>Panam\u00e1 espera confirmar salida de la lista negra europea en el mes de julio<\/strong><\/em><\/p>\n<p>El presidente Mulino, tambi\u00e9n se refiri\u00f3 a los temas relacionados a las listas discriminatorias, como las de la Uni\u00f3n Europea. En ese sentido, expres\u00f3 su satisfacci\u00f3n por el reciente anuncio para que Panam\u00e1 sea excluida de la lista negra.<\/p>\n<p>\u201cPara m\u00ed es motivo de mucha satisfacci\u00f3n; esta semana se ha dado un gran paso en la Comisi\u00f3n Europea en el sentido de recomendar al Parlamento Europeo y al Consejo, excluir a Panam\u00e1 de la lista de riesgo de blanqueo de capitales y financiaci\u00f3n del terrorismo. Esperamos que esto se acometa lo m\u00e1s pronto posible, quiz\u00e1s el pr\u00f3ximo mes de julio\u201d, indic\u00f3.<\/p>\n<p>Dijo que, este paso es un reconocimiento al trabajo, al esfuerzo y a los avances concretos que ha hecho Panam\u00e1 en los distintos renglones que exigen estos organismos y que \u201cfavorece tremendamente\u201d, sobre todo la actividad bancaria y financiera de Panam\u00e1. No obstante, afirma que para el Gobierno Nacional este no es el final del camino, sino que comienza una gran reivindicaci\u00f3n de Panam\u00e1 para que sea excluida del listado de alto riesgo, que es parte de un \u201ctrabajo tit\u00e1nico\u201d que inici\u00f3 el Ejecutivo desde el primer d\u00eda y espera que pronto comience a dar resultados.<\/p>\n<p>Tambi\u00e9n, reitera que, lo anterior requiere del esfuerzo de todos, porque se trata del buen nombre y la reputaci\u00f3n de Panam\u00e1 vistos por los sectores en el extranjero. Dijo que, adem\u00e1s del esfuerzo internacional que se ha impulsado, el Gobierno Nacional ha sido taxativo al no permitir la participaci\u00f3n en contrataciones o licitaciones a los pa\u00edses que tienen a Panam\u00e1 en estas listas discriminatorias.<\/p>\n<p>\u201cEso se mantiene, tenemos herramientas de defensa y las estamos aplicando con orgullo nacional. Obviamente, lo ideal es que no haya que tener listas, ni all\u00e1 ni ac\u00e1, y que todo mundo pueda participar en los distintos actos de contrataciones p\u00fablicas que lleva adelante el gobierno, pero es irracional, por decir lo menos, que un pa\u00eds que forma parte como miembro no permanente del Consejo de Seguridad de las Naciones Unidas, aprobado por todos sus miembros, aparece en una lista de financiamiento del terrorismo y de lavado\u201d, sostuvo.<\/p>\n<p>\u201cY lo he planteado en la pasada Asamblea General de Naciones Unidas. No hace ning\u00fan sentido, pues somos buenos o somos malos, pero no podemos ser malos con unas cosas y buenos para otras. Estamos en el m\u00e1ximo organismo de seguridad mundial como miembro no permanente por Am\u00e9rica Latina por dos a\u00f1os, y no hace ning\u00fan sentido que nos discriminen\u201d, reiter\u00f3 el mandatario, quien agradeci\u00f3 el esfuerzo que junto al gobierno han realizado diversos organismos y gremios en defensa del pa\u00eds.<\/p>\n","protected":false},"excerpt":{"rendered":"<p>Gobierno establece precio tope en venta de agua embotellada en <a href=\"https:\/\/sertv.gob.pa\/nacionalfm\/gobierno-establece-precio-tope-en-venta-de-agua-embotellada-en-herrera-y-los-santos\/\"> [&#8230;]<\/a><\/p>\n","protected":false},"author":9,"featured_media":108966,"comment_status":"closed","ping_status":"closed","sticky":false,"template":"","format":"standard","meta":{"footnotes":""},"categories":[2],"tags":[],"class_list":["post-108965","post","type-post","status-publish","format-standard","has-post-thumbnail","hentry","category-nacionales"],"_links":{"self":[{"href":"https:\/\/sertv.gob.pa\/nacionalfm\/wp-json\/wp\/v2\/posts\/108965","targetHints":{"allow":["GET"]}}],"collection":[{"href":"https:\/\/sertv.gob.pa\/nacionalfm\/wp-json\/wp\/v2\/posts"}],"about":[{"href":"https:\/\/sertv.gob.pa\/nacionalfm\/wp-json\/wp\/v2\/types\/post"}],"author":[{"embeddable":true,"href":"https:\/\/sertv.gob.pa\/nacionalfm\/wp-json\/wp\/v2\/users\/9"}],"replies":[{"embeddable":true,"href":"https:\/\/sertv.gob.pa\/nacionalfm\/wp-json\/wp\/v2\/comments?post=108965"}],"version-history":[{"count":1,"href":"https:\/\/sertv.gob.pa\/nacionalfm\/wp-json\/wp\/v2\/posts\/108965\/revisions"}],"predecessor-version":[{"id":108967,"href":"https:\/\/sertv.gob.pa\/nacionalfm\/wp-json\/wp\/v2\/posts\/108965\/revisions\/108967"}],"wp:featuredmedia":[{"embeddable":true,"href":"https:\/\/sertv.gob.pa\/nacionalfm\/wp-json\/wp\/v2\/media\/108966"}],"wp:attachment":[{"href":"https:\/\/sertv.gob.pa\/nacionalfm\/wp-json\/wp\/v2\/media?parent=108965"}],"wp:term":[{"taxonomy":"category","embeddable":true,"href":"https:\/\/sertv.gob.pa\/nacionalfm\/wp-json\/wp\/v2\/categories?post=108965"},{"taxonomy":"post_tag","embeddable":true,"href":"https:\/\/sertv.gob.pa\/nacionalfm\/wp-json\/wp\/v2\/tags?post=108965"}],"curies":[{"name":"wp","href":"https:\/\/api.w.org\/{rel}","templated":true}]}}