{"id":108977,"date":"2025-06-16T09:20:33","date_gmt":"2025-06-16T14:20:33","guid":{"rendered":"https:\/\/sertv.gob.pa\/nacionalfm\/?p=108977"},"modified":"2025-06-16T09:20:33","modified_gmt":"2025-06-16T14:20:33","slug":"con-exito-clausuro-el-xxviii-curso-interinstitucional-para-la-proteccion-de-la-ninez-y-adolescencia-celebrado-en-panama","status":"publish","type":"post","link":"https:\/\/sertv.gob.pa\/nacionalfm\/con-exito-clausuro-el-xxviii-curso-interinstitucional-para-la-proteccion-de-la-ninez-y-adolescencia-celebrado-en-panama\/","title":{"rendered":"Con \u00e9xito clausur\u00f3 el XXVIII Curso Interinstitucional para la Protecci\u00f3n de la Ni\u00f1ez y Adolescencia, celebrado en Panam\u00e1"},"content":{"rendered":"<p><em><strong>Recientemente, se dio la clausura del XXVIII Curso Interinstitucional para la Protecci\u00f3n de la Ni\u00f1ez y Adolescencia e Instructores de J\u00f3venes Contra el Delito, el cual cont\u00f3 con la participaci\u00f3n de 43 unidades de los estamentos de seguridad.<\/strong><\/em><\/p>\n<p><strong>Es bueno resaltar, que este evento, fue dise\u00f1ado para fortalecer y coadyuvar en la protecci\u00f3n de los derechos de los ni\u00f1os, ni\u00f1as y adolescentes en Panam\u00e1, a trav\u00e9s de una formaci\u00f3n integral, que busca desarrollar las competencias necesarias en las unidades de seguridad p\u00fablica que mantienen contacto constante con este grupo vulnerable, enfatizando la importancia de mantenerse a la vanguardia en aspectos legales enmarcados en la protecci\u00f3n integral, as\u00ed como preservar sus garant\u00edas jur\u00eddicas en pro de su bienestar f\u00edsico, psicol\u00f3gico y social.<\/strong><\/p>\n<p><strong>La Polic\u00eda Nacional, reafirma el compromiso del Estado paname\u00f1o con la salvaguarda de los derechos fundamentales de los m\u00e1s j\u00f3venes y la prevenci\u00f3n de la delincuencia juvenil.<\/strong><\/p>\n","protected":false},"excerpt":{"rendered":"<p>Recientemente, se dio la clausura del XXVIII Curso Interinstitucional para <a href=\"https:\/\/sertv.gob.pa\/nacionalfm\/con-exito-clausuro-el-xxviii-curso-interinstitucional-para-la-proteccion-de-la-ninez-y-adolescencia-celebrado-en-panama\/\"> [&#8230;]<\/a><\/p>\n","protected":false},"author":9,"featured_media":108978,"comment_status":"closed","ping_status":"closed","sticky":false,"template":"","format":"standard","meta":{"footnotes":""},"categories":[2],"tags":[],"class_list":["post-108977","post","type-post","status-publish","format-standard","has-post-thumbnail","hentry","category-nacionales"],"_links":{"self":[{"href":"https:\/\/sertv.gob.pa\/nacionalfm\/wp-json\/wp\/v2\/posts\/108977","targetHints":{"allow":["GET"]}}],"collection":[{"href":"https:\/\/sertv.gob.pa\/nacionalfm\/wp-json\/wp\/v2\/posts"}],"about":[{"href":"https:\/\/sertv.gob.pa\/nacionalfm\/wp-json\/wp\/v2\/types\/post"}],"author":[{"embeddable":true,"href":"https:\/\/sertv.gob.pa\/nacionalfm\/wp-json\/wp\/v2\/users\/9"}],"replies":[{"embeddable":true,"href":"https:\/\/sertv.gob.pa\/nacionalfm\/wp-json\/wp\/v2\/comments?post=108977"}],"version-history":[{"count":1,"href":"https:\/\/sertv.gob.pa\/nacionalfm\/wp-json\/wp\/v2\/posts\/108977\/revisions"}],"predecessor-version":[{"id":108979,"href":"https:\/\/sertv.gob.pa\/nacionalfm\/wp-json\/wp\/v2\/posts\/108977\/revisions\/108979"}],"wp:featuredmedia":[{"embeddable":true,"href":"https:\/\/sertv.gob.pa\/nacionalfm\/wp-json\/wp\/v2\/media\/108978"}],"wp:attachment":[{"href":"https:\/\/sertv.gob.pa\/nacionalfm\/wp-json\/wp\/v2\/media?parent=108977"}],"wp:term":[{"taxonomy":"category","embeddable":true,"href":"https:\/\/sertv.gob.pa\/nacionalfm\/wp-json\/wp\/v2\/categories?post=108977"},{"taxonomy":"post_tag","embeddable":true,"href":"https:\/\/sertv.gob.pa\/nacionalfm\/wp-json\/wp\/v2\/tags?post=108977"}],"curies":[{"name":"wp","href":"https:\/\/api.w.org\/{rel}","templated":true}]}}