{"id":108980,"date":"2025-06-16T09:51:09","date_gmt":"2025-06-16T14:51:09","guid":{"rendered":"https:\/\/sertv.gob.pa\/nacionalfm\/?p=108980"},"modified":"2025-06-16T09:51:09","modified_gmt":"2025-06-16T14:51:09","slug":"panama-otorga-respaldo-para-creacion-de-plataforma-global-para-la-sostenibilidad-oceanica-tras-firma-en-francia","status":"publish","type":"post","link":"https:\/\/sertv.gob.pa\/nacionalfm\/panama-otorga-respaldo-para-creacion-de-plataforma-global-para-la-sostenibilidad-oceanica-tras-firma-en-francia\/","title":{"rendered":"Panam\u00e1 otorga respaldo para creaci\u00f3n de plataforma global para la sostenibilidad oce\u00e1nica, tras firma en Francia"},"content":{"rendered":"<p><em><strong>Como parte de las actividades internacionales centradas en fomentar la gobernanza marina, el ministro de Ambiente de Panam\u00e1, Juan Carlos Navarro, en fecha reciente, firm\u00f3 en forma oficial, la adhesi\u00f3n del pa\u00eds, a la Plataforma Internacional para la Sostenibilidad Oce\u00e1nica (IPOS, por sus siglas en ingl\u00e9s), una nueva iniciativa global que busca conectar el conocimiento cient\u00edfico, la formulaci\u00f3n de pol\u00edticas y la participaci\u00f3n social para proteger los oc\u00e9anos del mundo.<\/strong><\/em><\/p>\n<p><strong>En este acto, celebrado en la ciudad de Niza, Francia, el ministro Navarro, expres\u00f3 el inter\u00e9s de Panam\u00e1 con esta innovadora plataforma que contribuir\u00e1 a cumplir y superar las metas globales relacionadas con el oc\u00e9ano.<\/strong><\/p>\n<p><strong>\u201cPanam\u00e1, se enorgullece de ser parte fundadora de IPOS. Nuestro pa\u00eds, reconoce que el conocimiento cient\u00edfico debe estar al servicio de la toma de decisiones. Por medio de este paso, impulsamos soluciones para cuidar los oc\u00e9anos que compartimos\u201d, asever\u00f3 el ministro Juan Carlos Navarro.<\/strong><\/p>\n<p><strong>Esta colaboraci\u00f3n, har\u00e1 posible que Panam\u00e1 pueda acelerar el cumplimiento de los Objetivos de Desarrollo Sostenible, en especial el ODS 14 \u201cVida Submarina\u201d, y de las metas del Marco Global de Biodiversidad de Kunming-Montreal. De esta forma, se contribuye activamente a la salud y resiliencia del oc\u00e9ano. En este contexto, IPOS funcionar\u00e1 inicialmente como un Centro Colaborativo de la D\u00e9cada de las Ciencias Oce\u00e1nicas de la ONU, y brindar\u00e1 servicios personalizados a los pa\u00edses para facilitar la implementaci\u00f3n de estos compromisos globales.<\/strong><\/p>\n","protected":false},"excerpt":{"rendered":"<p>Como parte de las actividades internacionales centradas en fomentar la <a href=\"https:\/\/sertv.gob.pa\/nacionalfm\/panama-otorga-respaldo-para-creacion-de-plataforma-global-para-la-sostenibilidad-oceanica-tras-firma-en-francia\/\"> [&#8230;]<\/a><\/p>\n","protected":false},"author":9,"featured_media":108981,"comment_status":"closed","ping_status":"closed","sticky":false,"template":"","format":"standard","meta":{"footnotes":""},"categories":[2],"tags":[],"class_list":["post-108980","post","type-post","status-publish","format-standard","has-post-thumbnail","hentry","category-nacionales"],"_links":{"self":[{"href":"https:\/\/sertv.gob.pa\/nacionalfm\/wp-json\/wp\/v2\/posts\/108980","targetHints":{"allow":["GET"]}}],"collection":[{"href":"https:\/\/sertv.gob.pa\/nacionalfm\/wp-json\/wp\/v2\/posts"}],"about":[{"href":"https:\/\/sertv.gob.pa\/nacionalfm\/wp-json\/wp\/v2\/types\/post"}],"author":[{"embeddable":true,"href":"https:\/\/sertv.gob.pa\/nacionalfm\/wp-json\/wp\/v2\/users\/9"}],"replies":[{"embeddable":true,"href":"https:\/\/sertv.gob.pa\/nacionalfm\/wp-json\/wp\/v2\/comments?post=108980"}],"version-history":[{"count":2,"href":"https:\/\/sertv.gob.pa\/nacionalfm\/wp-json\/wp\/v2\/posts\/108980\/revisions"}],"predecessor-version":[{"id":108983,"href":"https:\/\/sertv.gob.pa\/nacionalfm\/wp-json\/wp\/v2\/posts\/108980\/revisions\/108983"}],"wp:featuredmedia":[{"embeddable":true,"href":"https:\/\/sertv.gob.pa\/nacionalfm\/wp-json\/wp\/v2\/media\/108981"}],"wp:attachment":[{"href":"https:\/\/sertv.gob.pa\/nacionalfm\/wp-json\/wp\/v2\/media?parent=108980"}],"wp:term":[{"taxonomy":"category","embeddable":true,"href":"https:\/\/sertv.gob.pa\/nacionalfm\/wp-json\/wp\/v2\/categories?post=108980"},{"taxonomy":"post_tag","embeddable":true,"href":"https:\/\/sertv.gob.pa\/nacionalfm\/wp-json\/wp\/v2\/tags?post=108980"}],"curies":[{"name":"wp","href":"https:\/\/api.w.org\/{rel}","templated":true}]}}